{"id":10775,"date":"2007-10-31T16:41:00","date_gmt":"2007-10-31T16:41:00","guid":{"rendered":"http:\/\/localhost:81\/wp1\/?p=10775"},"modified":"2007-10-31T16:41:00","modified_gmt":"2007-10-31T16:41:00","slug":"actividades-episcopais-36","status":"publish","type":"post","link":"https:\/\/sites.ecclesia.pt\/cv\/actividades-episcopais-36\/","title":{"rendered":"Actividades Episcopais"},"content":{"rendered":"<p>Dia 25 de Outubro:<\/p>\n<p>D. Ant\u00f3nio Francisco dos Santos recebeu o Superior Geral da Sociedade Mission\u00e1ria da Boa Nova; participou na Eucaristia e na Sess\u00e3o Solene da Abertura do Ano Lectivo do Instituto Superior de Estudos Teol\u00f3gicos (ISET) e na B\u00ean\u00e7\u00e3o e Inaugura\u00e7\u00e3o da Nova Biblioteca de Teologia do Semin\u00e1rio de Coimbra.<\/p>\n<p>Dia 26:<\/p>\n<p>Presidiu ao F\u00f3rum Nacional das Voca\u00e7\u00f5es, em F\u00e1tima.<\/p>\n<p>Dia 27:<\/p>\n<p>Participou no F\u00f3rum \u201cEducar para os valores\u201d, no Semin\u00e1rio de Santa Joana, em Aveiro, organizado pela Regi\u00e3o Centro Litoral das Equipas de Nossa Senhora; presidiu \u00e0 Vig\u00edlia Mission\u00e1ria organizada pelo Secretariado Diocesano de Anima\u00e7\u00e3o Mission\u00e1ria de Aveiro, na Igreja do Semin\u00e1rio de Santa Joana.<\/p>\n<p>Dia 28:<\/p>\n<p>Celebrou a Eucaristia e o sacramento do Crisma na Par\u00f3quia de Ponte de Vagos; participou no Encontro do Voluntariado Mission\u00e1rio, em Aveiro; participou na festa de homenagem ao P.e Manuel Lopes Ribau L\u00e9, nos 60 anos de sacerdote e 50 anos de p\u00e1roco da Gafanha da Encarna\u00e7\u00e3o.<\/p>\n<p>Dia 30:<\/p>\n<p>Reuniu com a direc\u00e7\u00e3o do Fundo Econ\u00f3mico do Clero; reuniu com o Conselho Episcopal; presidiu \u00e0 Apresenta\u00e7\u00e3o da Revista Pr\u00e1xis, do ISCRA, em homenagem ao Senhor D. Ant\u00f3nio Marcelino.<\/p>\n<p>Dia 31:<\/p>\n<p>Celebrou a Eucaristia e presidiu \u00e0 b\u00ean\u00e7\u00e3o da nova Capela de Nossa Senhora do Loreto, na Moita, Anadia.<\/p>\n","protected":false},"excerpt":{"rendered":"<p>Dia 25 de Outubro: D. Ant\u00f3nio Francisco dos Santos recebeu o Superior Geral da Sociedade Mission\u00e1ria da Boa Nova; participou na Eucaristia e na Sess\u00e3o Solene da Abertura do Ano Lectivo do Instituto Superior de Estudos Teol\u00f3gicos (ISET) e na B\u00ean\u00e7\u00e3o e Inaugura\u00e7\u00e3o da Nova Biblioteca de Teologia do Semin\u00e1rio de Coimbra. Dia 26: Presidiu [&hellip;]<\/p>\n","protected":false},"author":1,"featured_media":0,"comment_status":"open","ping_status":"open","sticky":false,"template":"","format":"standard","meta":{"footnotes":""},"categories":[70],"tags":[],"class_list":["post-10775","post","type-post","status-publish","format-standard","hentry","category-diocese"],"_links":{"self":[{"href":"https:\/\/sites.ecclesia.pt\/cv\/wp-json\/wp\/v2\/posts\/10775","targetHints":{"allow":["GET"]}}],"collection":[{"href":"https:\/\/sites.ecclesia.pt\/cv\/wp-json\/wp\/v2\/posts"}],"about":[{"href":"https:\/\/sites.ecclesia.pt\/cv\/wp-json\/wp\/v2\/types\/post"}],"author":[{"embeddable":true,"href":"https:\/\/sites.ecclesia.pt\/cv\/wp-json\/wp\/v2\/users\/1"}],"replies":[{"embeddable":true,"href":"https:\/\/sites.ecclesia.pt\/cv\/wp-json\/wp\/v2\/comments?post=10775"}],"version-history":[{"count":0,"href":"https:\/\/sites.ecclesia.pt\/cv\/wp-json\/wp\/v2\/posts\/10775\/revisions"}],"wp:attachment":[{"href":"https:\/\/sites.ecclesia.pt\/cv\/wp-json\/wp\/v2\/media?parent=10775"}],"wp:term":[{"taxonomy":"category","embeddable":true,"href":"https:\/\/sites.ecclesia.pt\/cv\/wp-json\/wp\/v2\/categories?post=10775"},{"taxonomy":"post_tag","embeddable":true,"href":"https:\/\/sites.ecclesia.pt\/cv\/wp-json\/wp\/v2\/tags?post=10775"}],"curies":[{"name":"wp","href":"https:\/\/api.w.org\/{rel}","templated":true}]}}