{"id":10776,"date":"2007-10-31T16:43:00","date_gmt":"2007-10-31T16:43:00","guid":{"rendered":"http:\/\/localhost:81\/wp1\/?p=10776"},"modified":"2007-10-31T16:43:00","modified_gmt":"2007-10-31T16:43:00","slug":"retiro-espiritual-dos-sacerdotes","status":"publish","type":"post","link":"https:\/\/sites.ecclesia.pt\/cv\/retiro-espiritual-dos-sacerdotes\/","title":{"rendered":"Retiro espiritual dos sacerdotes"},"content":{"rendered":"<p>Est\u00e1 programado para a semana de 19 a 23 de Novembro o segundo turno do retiro espiritual para sacerdotes, referente a 2007.<\/p>\n<p>Ter\u00e1 in\u00edcio \u00e0s 19h00 do primeiro dia e terminar\u00e1 com o almo\u00e7o do \u00faltimo dia; como habitualmente, ir\u00e1 decorrer na Casa Diocesana de Nossa Senhora do Socorro.<\/p>\n<p>As inscri\u00e7\u00f5es ser\u00e3o feitas, com certa urg\u00eancia, na Secretaria Episcopal ou na Chancelaria Diocesana.<\/p>\n","protected":false},"excerpt":{"rendered":"<p>Est\u00e1 programado para a semana de 19 a 23 de Novembro o segundo turno do retiro espiritual para sacerdotes, referente a 2007. Ter\u00e1 in\u00edcio \u00e0s 19h00 do primeiro dia e terminar\u00e1 com o almo\u00e7o do \u00faltimo dia; como habitualmente, ir\u00e1 decorrer na Casa Diocesana de Nossa Senhora do Socorro. As inscri\u00e7\u00f5es ser\u00e3o feitas, com certa [&hellip;]<\/p>\n","protected":false},"author":1,"featured_media":0,"comment_status":"open","ping_status":"open","sticky":false,"template":"","format":"standard","meta":{"footnotes":""},"categories":[70],"tags":[],"class_list":["post-10776","post","type-post","status-publish","format-standard","hentry","category-diocese"],"_links":{"self":[{"href":"https:\/\/sites.ecclesia.pt\/cv\/wp-json\/wp\/v2\/posts\/10776","targetHints":{"allow":["GET"]}}],"collection":[{"href":"https:\/\/sites.ecclesia.pt\/cv\/wp-json\/wp\/v2\/posts"}],"about":[{"href":"https:\/\/sites.ecclesia.pt\/cv\/wp-json\/wp\/v2\/types\/post"}],"author":[{"embeddable":true,"href":"https:\/\/sites.ecclesia.pt\/cv\/wp-json\/wp\/v2\/users\/1"}],"replies":[{"embeddable":true,"href":"https:\/\/sites.ecclesia.pt\/cv\/wp-json\/wp\/v2\/comments?post=10776"}],"version-history":[{"count":0,"href":"https:\/\/sites.ecclesia.pt\/cv\/wp-json\/wp\/v2\/posts\/10776\/revisions"}],"wp:attachment":[{"href":"https:\/\/sites.ecclesia.pt\/cv\/wp-json\/wp\/v2\/media?parent=10776"}],"wp:term":[{"taxonomy":"category","embeddable":true,"href":"https:\/\/sites.ecclesia.pt\/cv\/wp-json\/wp\/v2\/categories?post=10776"},{"taxonomy":"post_tag","embeddable":true,"href":"https:\/\/sites.ecclesia.pt\/cv\/wp-json\/wp\/v2\/tags?post=10776"}],"curies":[{"name":"wp","href":"https:\/\/api.w.org\/{rel}","templated":true}]}}