{"id":10777,"date":"2007-10-31T16:44:00","date_gmt":"2007-10-31T16:44:00","guid":{"rendered":"http:\/\/localhost:81\/wp1\/?p=10777"},"modified":"2007-10-31T16:44:00","modified_gmt":"2007-10-31T16:44:00","slug":"a-igreja-de-jesus-cristo-ao-servico-da-caridade","status":"publish","type":"post","link":"https:\/\/sites.ecclesia.pt\/cv\/a-igreja-de-jesus-cristo-ao-servico-da-caridade\/","title":{"rendered":"&#8220;A Igreja de Jesus Cristo ao servi\u00e7o da Caridade&#8221;"},"content":{"rendered":"<p>X Assembleia do Renovamento Carism\u00e1tico <!--more--> O Renovamento Carism\u00e1tico Cat\u00f3lico de Aveiro realiza, no dia 18 de Novembro, a sua X Assembleia Diocesana, sob o lema \u201cA Igreja de Jesus Cristo ao servi\u00e7o da Caridade\u201d. O encontro ter\u00e1 lugar no Sal\u00e3o D. Jo\u00e3o Evangelista de Lima Vidal (atr\u00e1s da S\u00e9), com in\u00edcio \u00e0s 9h30 e encerramento pelas 17h. A Eucaristia est\u00e1 marcada para as 15h, sendo presidida por D. Ant\u00f3nio Francisco, Bispo de Aveiro.<\/p>\n","protected":false},"excerpt":{"rendered":"<p>X Assembleia do Renovamento Carism\u00e1tico<\/p>\n","protected":false},"author":1,"featured_media":0,"comment_status":"open","ping_status":"open","sticky":false,"template":"","format":"standard","meta":{"footnotes":""},"categories":[70],"tags":[],"class_list":["post-10777","post","type-post","status-publish","format-standard","hentry","category-diocese"],"_links":{"self":[{"href":"https:\/\/sites.ecclesia.pt\/cv\/wp-json\/wp\/v2\/posts\/10777","targetHints":{"allow":["GET"]}}],"collection":[{"href":"https:\/\/sites.ecclesia.pt\/cv\/wp-json\/wp\/v2\/posts"}],"about":[{"href":"https:\/\/sites.ecclesia.pt\/cv\/wp-json\/wp\/v2\/types\/post"}],"author":[{"embeddable":true,"href":"https:\/\/sites.ecclesia.pt\/cv\/wp-json\/wp\/v2\/users\/1"}],"replies":[{"embeddable":true,"href":"https:\/\/sites.ecclesia.pt\/cv\/wp-json\/wp\/v2\/comments?post=10777"}],"version-history":[{"count":0,"href":"https:\/\/sites.ecclesia.pt\/cv\/wp-json\/wp\/v2\/posts\/10777\/revisions"}],"wp:attachment":[{"href":"https:\/\/sites.ecclesia.pt\/cv\/wp-json\/wp\/v2\/media?parent=10777"}],"wp:term":[{"taxonomy":"category","embeddable":true,"href":"https:\/\/sites.ecclesia.pt\/cv\/wp-json\/wp\/v2\/categories?post=10777"},{"taxonomy":"post_tag","embeddable":true,"href":"https:\/\/sites.ecclesia.pt\/cv\/wp-json\/wp\/v2\/tags?post=10777"}],"curies":[{"name":"wp","href":"https:\/\/api.w.org\/{rel}","templated":true}]}}