{"id":10778,"date":"2007-10-31T16:46:00","date_gmt":"2007-10-31T16:46:00","guid":{"rendered":"http:\/\/localhost:81\/wp1\/?p=10778"},"modified":"2007-10-31T16:46:00","modified_gmt":"2007-10-31T16:46:00","slug":"agenda-139","status":"publish","type":"post","link":"https:\/\/sites.ecclesia.pt\/cv\/agenda-139\/","title":{"rendered":"Agenda"},"content":{"rendered":"<p>31 de Outubro &#8211; Inaugura\u00e7\u00e3o da Santa Casa de Loreto e da Capela da Senhora de Nazareth, em Vale de Boi, Moita (Anadia), \u00e0s 19 horas.<\/p>\n<p>6 de Novembro \u2013Cinquenten\u00e1rio da par\u00f3quia da Gafanha do Carmo.<\/p>\n<p>9 de Novembro \u2013 \u201cEducar para a Vida\u201d, confer\u00eancia com Eduardo S\u00e1, psic\u00f3logo, no Sal\u00e3o D. Jo\u00e3o Evangelista, Aveiro.<\/p>\n<p>10 de Novembro \u2013 Jantar com fados no Clube Stella Maris, a partir das 20h.<\/p>\n<p>14 de Novembro \u2013 Francisco Sarsfield Cabral fala de \u201cGlobaliza\u00e7\u00e3o, economia e desenvolvimento humano\u201d, no Centro Universit\u00e1rio F\u00e9 e Cultura, Aveiro.<\/p>\n<p>16 de Novembro \u2013 Ac\u00e7\u00e3o de forma\u00e7\u00e3o \u201cPobreza: op\u00e7\u00e3o e drama\u201d, no ISCRA, \u00e0s 21h.<\/p>\n<p>17 de Novembro \u2013 Abertura solene do ano acad\u00e9mico no ISCRA e entrega de diplomas.<\/p>\n<p>18 de Novembro &#8211; X Assembleia do Renovamento Carism\u00e1tico, no Sal\u00e3o D. Jo\u00e3o Evangelista de Lima Vidal.<\/p>\n<p>18 de Novembro \u2013 Conselho Regional do CNE \u2013 Corpo Nacional de Escutas, no Semin\u00e1rio de Aveiro.<\/p>\n<p>21 de Novembro \u2013 Conselho Diocesano de Pastoral, no Semin\u00e1rio de Aveiro.<\/p>\n<p>22 a 30 de Novembro \u2013 Retiro espiritual dos sacerdotes, na Casa Diocesana.<\/p>\n","protected":false},"excerpt":{"rendered":"<p>31 de Outubro &#8211; Inaugura\u00e7\u00e3o da Santa Casa de Loreto e da Capela da Senhora de Nazareth, em Vale de Boi, Moita (Anadia), \u00e0s 19 horas. 6 de Novembro \u2013Cinquenten\u00e1rio da par\u00f3quia da Gafanha do Carmo. 9 de Novembro \u2013 \u201cEducar para a Vida\u201d, confer\u00eancia com Eduardo S\u00e1, psic\u00f3logo, no Sal\u00e3o D. Jo\u00e3o Evangelista, Aveiro. [&hellip;]<\/p>\n","protected":false},"author":1,"featured_media":0,"comment_status":"open","ping_status":"open","sticky":false,"template":"","format":"standard","meta":{"footnotes":""},"categories":[70],"tags":[],"class_list":["post-10778","post","type-post","status-publish","format-standard","hentry","category-diocese"],"_links":{"self":[{"href":"https:\/\/sites.ecclesia.pt\/cv\/wp-json\/wp\/v2\/posts\/10778","targetHints":{"allow":["GET"]}}],"collection":[{"href":"https:\/\/sites.ecclesia.pt\/cv\/wp-json\/wp\/v2\/posts"}],"about":[{"href":"https:\/\/sites.ecclesia.pt\/cv\/wp-json\/wp\/v2\/types\/post"}],"author":[{"embeddable":true,"href":"https:\/\/sites.ecclesia.pt\/cv\/wp-json\/wp\/v2\/users\/1"}],"replies":[{"embeddable":true,"href":"https:\/\/sites.ecclesia.pt\/cv\/wp-json\/wp\/v2\/comments?post=10778"}],"version-history":[{"count":0,"href":"https:\/\/sites.ecclesia.pt\/cv\/wp-json\/wp\/v2\/posts\/10778\/revisions"}],"wp:attachment":[{"href":"https:\/\/sites.ecclesia.pt\/cv\/wp-json\/wp\/v2\/media?parent=10778"}],"wp:term":[{"taxonomy":"category","embeddable":true,"href":"https:\/\/sites.ecclesia.pt\/cv\/wp-json\/wp\/v2\/categories?post=10778"},{"taxonomy":"post_tag","embeddable":true,"href":"https:\/\/sites.ecclesia.pt\/cv\/wp-json\/wp\/v2\/tags?post=10778"}],"curies":[{"name":"wp","href":"https:\/\/api.w.org\/{rel}","templated":true}]}}