{"id":10779,"date":"2007-10-31T16:47:00","date_gmt":"2007-10-31T16:47:00","guid":{"rendered":"http:\/\/localhost:81\/wp1\/?p=10779"},"modified":"2007-10-31T16:47:00","modified_gmt":"2007-10-31T16:47:00","slug":"iscra-promove-accao-de-formacao-sobre-pobreza-opcao-e-drama","status":"publish","type":"post","link":"https:\/\/sites.ecclesia.pt\/cv\/iscra-promove-accao-de-formacao-sobre-pobreza-opcao-e-drama\/","title":{"rendered":"Iscra promove ac\u00e7\u00e3o de forma\u00e7\u00e3o sobre &#8220;pobreza: op\u00e7\u00e3o e drama&#8221;"},"content":{"rendered":"<p>D. Ant\u00f3nio Marcelino \u00e9 o formador <!--more--> \u201cPobreza: Op\u00e7\u00e3o e Drama\u201d \u00e9 o t\u00edtulo da ac\u00e7\u00e3o de forma\u00e7\u00e3o que o Instituto Superior de Ci\u00eancias Religiosas promove nos dias 16 e 23 de Novembro. A ac\u00e7\u00e3o destina-se aos grupos C\u00e1ritas, Vicentinos, pessoas ligadas \u00e0 ac\u00e7\u00e3o social e ao voluntariado e a todos os interessados,<\/p>\n<p>\u201cO tema apresentado \u00e9 actual, mas na nossa Diocese ganha mais \u00eanfase por se incluir no Plano Diocesano de Pastoral. Esta ac\u00e7\u00e3o permitir\u00e1 a reflex\u00e3o e o di\u00e1logo, de modo a abrir novos caminhos na ampla perspectiva\u00e7\u00e3o da pobreza\u201d, refere um folheto de divulga\u00e7\u00e3o do Iscra. Ser\u00e1 formador D. Ant\u00f3nio Marcelino, Bispo Em\u00e9rito de Aveiro. A ac\u00e7\u00e3o tem in\u00edcio \u00e0s 21h e decorre no Semin\u00e1rio de Aveiro. Para participar exige-se inscri\u00e7\u00e3o (no local, no primeiro dia) e um contributo de 12,5 euros.<\/p>\n<p>O Iscra tem prevista outra ac\u00e7\u00e3o de forma\u00e7\u00e3o. Nos dias 28 de Mar\u00e7o, 4 e 11 de Abril de 2008, o professor Carlos Borrego abordar\u00e1 o tema \u201cTeo-ecologia\u201d. A escola da Diocese de Aveiro promover\u00e1 ainda dois cursos fora da sua oferta habitual, um sobre inform\u00e1tica (Janeiro\/Fevereiro de 2008) e outro sobre \u201co marketing aplicado \u00e0s institui\u00e7\u00f5es religiosas\u201d (Maio\/Junho de 2008).<\/p>\n","protected":false},"excerpt":{"rendered":"<p>D. Ant\u00f3nio Marcelino \u00e9 o formador<\/p>\n","protected":false},"author":1,"featured_media":0,"comment_status":"open","ping_status":"open","sticky":false,"template":"","format":"standard","meta":{"footnotes":""},"categories":[70],"tags":[],"class_list":["post-10779","post","type-post","status-publish","format-standard","hentry","category-diocese"],"_links":{"self":[{"href":"https:\/\/sites.ecclesia.pt\/cv\/wp-json\/wp\/v2\/posts\/10779","targetHints":{"allow":["GET"]}}],"collection":[{"href":"https:\/\/sites.ecclesia.pt\/cv\/wp-json\/wp\/v2\/posts"}],"about":[{"href":"https:\/\/sites.ecclesia.pt\/cv\/wp-json\/wp\/v2\/types\/post"}],"author":[{"embeddable":true,"href":"https:\/\/sites.ecclesia.pt\/cv\/wp-json\/wp\/v2\/users\/1"}],"replies":[{"embeddable":true,"href":"https:\/\/sites.ecclesia.pt\/cv\/wp-json\/wp\/v2\/comments?post=10779"}],"version-history":[{"count":0,"href":"https:\/\/sites.ecclesia.pt\/cv\/wp-json\/wp\/v2\/posts\/10779\/revisions"}],"wp:attachment":[{"href":"https:\/\/sites.ecclesia.pt\/cv\/wp-json\/wp\/v2\/media?parent=10779"}],"wp:term":[{"taxonomy":"category","embeddable":true,"href":"https:\/\/sites.ecclesia.pt\/cv\/wp-json\/wp\/v2\/categories?post=10779"},{"taxonomy":"post_tag","embeddable":true,"href":"https:\/\/sites.ecclesia.pt\/cv\/wp-json\/wp\/v2\/tags?post=10779"}],"curies":[{"name":"wp","href":"https:\/\/api.w.org\/{rel}","templated":true}]}}