{"id":10780,"date":"2007-10-31T16:48:00","date_gmt":"2007-10-31T16:48:00","guid":{"rendered":"http:\/\/localhost:81\/wp1\/?p=10780"},"modified":"2007-10-31T16:48:00","modified_gmt":"2007-10-31T16:48:00","slug":"novos-padres-em-albergaria-e-avelas-de-cima","status":"publish","type":"post","link":"https:\/\/sites.ecclesia.pt\/cv\/novos-padres-em-albergaria-e-avelas-de-cima\/","title":{"rendered":"Novos padres em Albergaria e Avel\u00e3s de Cima"},"content":{"rendered":"<p>Nos passados dias 27 e 28, os Padres Manuel Dinis Marques Tavares e V\u00edtor Gabriel Valente dos Santos iniciaram o seu novo m\u00fanus paroquial, respectivamente na Unidade Pastoral de Albergaria-a-Velha e na freguesia de Avel\u00e3s de Cima, para que foram nomeados pelo nosso Bispo em 31 de Julho.<\/p>\n<p>A primeira celebra\u00e7\u00e3o realizou-se na igreja matriz de Santa Cruz de Albergaria-a-Velha, com in\u00edcio \u00e0s 19 horas; e a segunda principiou \u00e0s 16h horas na igreja de Nossa Senhora das Neves, por impedimento da igreja matriz de S. Pedro de Avel\u00e3s de Cima, que presentemente se encontra em profundas obras de conserva\u00e7\u00e3o.<\/p>\n<p>Os dois actos lit\u00fargicos, que decorreram ap\u00f3s a liturgia da Palavra da Eucaristia dominical, foram presididos pelo Vig\u00e1rio Geral da Diocese e tiveram a participa\u00e7\u00e3o activa de v\u00e1rios sacerdotes e di\u00e1conos e de algumas centenas de pessoas de ambas as comunidades e de outras par\u00f3quias. No final, houve conv\u00edvios partilhados.<\/p>\n","protected":false},"excerpt":{"rendered":"<p>Nos passados dias 27 e 28, os Padres Manuel Dinis Marques Tavares e V\u00edtor Gabriel Valente dos Santos iniciaram o seu novo m\u00fanus paroquial, respectivamente na Unidade Pastoral de Albergaria-a-Velha e na freguesia de Avel\u00e3s de Cima, para que foram nomeados pelo nosso Bispo em 31 de Julho. A primeira celebra\u00e7\u00e3o realizou-se na igreja matriz [&hellip;]<\/p>\n","protected":false},"author":1,"featured_media":0,"comment_status":"open","ping_status":"open","sticky":false,"template":"","format":"standard","meta":{"footnotes":""},"categories":[70],"tags":[],"class_list":["post-10780","post","type-post","status-publish","format-standard","hentry","category-diocese"],"_links":{"self":[{"href":"https:\/\/sites.ecclesia.pt\/cv\/wp-json\/wp\/v2\/posts\/10780","targetHints":{"allow":["GET"]}}],"collection":[{"href":"https:\/\/sites.ecclesia.pt\/cv\/wp-json\/wp\/v2\/posts"}],"about":[{"href":"https:\/\/sites.ecclesia.pt\/cv\/wp-json\/wp\/v2\/types\/post"}],"author":[{"embeddable":true,"href":"https:\/\/sites.ecclesia.pt\/cv\/wp-json\/wp\/v2\/users\/1"}],"replies":[{"embeddable":true,"href":"https:\/\/sites.ecclesia.pt\/cv\/wp-json\/wp\/v2\/comments?post=10780"}],"version-history":[{"count":0,"href":"https:\/\/sites.ecclesia.pt\/cv\/wp-json\/wp\/v2\/posts\/10780\/revisions"}],"wp:attachment":[{"href":"https:\/\/sites.ecclesia.pt\/cv\/wp-json\/wp\/v2\/media?parent=10780"}],"wp:term":[{"taxonomy":"category","embeddable":true,"href":"https:\/\/sites.ecclesia.pt\/cv\/wp-json\/wp\/v2\/categories?post=10780"},{"taxonomy":"post_tag","embeddable":true,"href":"https:\/\/sites.ecclesia.pt\/cv\/wp-json\/wp\/v2\/tags?post=10780"}],"curies":[{"name":"wp","href":"https:\/\/api.w.org\/{rel}","templated":true}]}}