{"id":10781,"date":"2007-10-31T16:49:00","date_gmt":"2007-10-31T16:49:00","guid":{"rendered":"http:\/\/localhost:81\/wp1\/?p=10781"},"modified":"2007-10-31T16:49:00","modified_gmt":"2007-10-31T16:49:00","slug":"50o-aniversario-da-paroquia-da-gafanha-do-carmo","status":"publish","type":"post","link":"https:\/\/sites.ecclesia.pt\/cv\/50o-aniversario-da-paroquia-da-gafanha-do-carmo\/","title":{"rendered":"50\u00ba anivers\u00e1rio da par\u00f3quia da Gafanha do Carmo"},"content":{"rendered":"<p>No pr\u00f3ximo dia 6 de Novembro, a Par\u00f3quia da Gafanha do Carmo celebra o 50\u00ba anivers\u00e1rio da sua institui\u00e7\u00e3o. Depois do respectivo processo can\u00f3nico, foi nessa data, no ano de 1957, que D. Jo\u00e3o Evangelista de Lima Vidal, Arcebispo-Bispo de Aveiro, assinou o respectivo decreto diocesano. O seu territ\u00f3rio foi desmembrado da freguesia da Gafanha da Encarna\u00e7\u00e3o.<\/p>\n<p>Teve como primeiro p\u00e1roco o Padre Jos\u00e9 Soares Louren\u00e7o (1957-1986). Em seguida, serviram pastoralmente a mesma comunidade: &#8211; Padre Jos\u00e9 Rodrigues Pereira (1986-1989), Padre Viriato da Gra\u00e7a Bodas (1989-1996), Padre Urbino de Pinho (1996-2003) e Padre Manuel Ribau Lopes L\u00e9 (2003-2004). Desde Setembro de 2004, o Padre Fausto Ara\u00fajo de Oliveira tem sido o seu respons\u00e1vel paroquial.<\/p>\n<p>Do programa da celebra\u00e7\u00e3o consta a Eucaristia na igreja matriz, \u00e0s 20h30, sob a presid\u00eancia do Vig\u00e1rio Geral da Diocese.<\/p>\n","protected":false},"excerpt":{"rendered":"<p>No pr\u00f3ximo dia 6 de Novembro, a Par\u00f3quia da Gafanha do Carmo celebra o 50\u00ba anivers\u00e1rio da sua institui\u00e7\u00e3o. Depois do respectivo processo can\u00f3nico, foi nessa data, no ano de 1957, que D. Jo\u00e3o Evangelista de Lima Vidal, Arcebispo-Bispo de Aveiro, assinou o respectivo decreto diocesano. O seu territ\u00f3rio foi desmembrado da freguesia da Gafanha [&hellip;]<\/p>\n","protected":false},"author":1,"featured_media":0,"comment_status":"open","ping_status":"open","sticky":false,"template":"","format":"standard","meta":{"footnotes":""},"categories":[70],"tags":[],"class_list":["post-10781","post","type-post","status-publish","format-standard","hentry","category-diocese"],"_links":{"self":[{"href":"https:\/\/sites.ecclesia.pt\/cv\/wp-json\/wp\/v2\/posts\/10781","targetHints":{"allow":["GET"]}}],"collection":[{"href":"https:\/\/sites.ecclesia.pt\/cv\/wp-json\/wp\/v2\/posts"}],"about":[{"href":"https:\/\/sites.ecclesia.pt\/cv\/wp-json\/wp\/v2\/types\/post"}],"author":[{"embeddable":true,"href":"https:\/\/sites.ecclesia.pt\/cv\/wp-json\/wp\/v2\/users\/1"}],"replies":[{"embeddable":true,"href":"https:\/\/sites.ecclesia.pt\/cv\/wp-json\/wp\/v2\/comments?post=10781"}],"version-history":[{"count":0,"href":"https:\/\/sites.ecclesia.pt\/cv\/wp-json\/wp\/v2\/posts\/10781\/revisions"}],"wp:attachment":[{"href":"https:\/\/sites.ecclesia.pt\/cv\/wp-json\/wp\/v2\/media?parent=10781"}],"wp:term":[{"taxonomy":"category","embeddable":true,"href":"https:\/\/sites.ecclesia.pt\/cv\/wp-json\/wp\/v2\/categories?post=10781"},{"taxonomy":"post_tag","embeddable":true,"href":"https:\/\/sites.ecclesia.pt\/cv\/wp-json\/wp\/v2\/tags?post=10781"}],"curies":[{"name":"wp","href":"https:\/\/api.w.org\/{rel}","templated":true}]}}