{"id":10782,"date":"2007-10-31T16:52:00","date_gmt":"2007-10-31T16:52:00","guid":{"rendered":"http:\/\/localhost:81\/wp1\/?p=10782"},"modified":"2007-10-31T16:52:00","modified_gmt":"2007-10-31T16:52:00","slug":"reunioes-do-clero-3","status":"publish","type":"post","link":"https:\/\/sites.ecclesia.pt\/cv\/reunioes-do-clero-3\/","title":{"rendered":"Reuni\u00f5es do Clero"},"content":{"rendered":"<p>Novembro de 2007 <!--more--> Arciprestado\tDia      Hora\tLocal<\/p>\n<p>\u00c1gueda\t\t13\t10h00\tRecard\u00e3es<\/p>\n<p>Albergaria-a-Velha09\t09h30\tCasa Diocesana<\/p>\n<p>Anadia\t\t05\t10h00\tVilarinho do Bairro<\/p>\n<p>Aveiro\t\t14\t10h00\tSemin\u00e1rio Dehoniano<\/p>\n<p>Estarreja\/Murtosa08\t09h30\tVeiros<\/p>\n<p>\u00cdlhavo\t\t13\t10h00\tGafanha da Encarna\u00e7\u00e3o<\/p>\n<p>Oliveira do Bairro14\t09h45\tBustos<\/p>\n<p>Sever do Vouga\t06      09h30\tPessegueiro do Vouga<\/p>\n<p>Vagos\t\t12\t09h30\tOuca<\/p>\n<p>Clero n\u00e3o paroquial12\t14h15\tSemin\u00e1rio de St\u00aa Joana<\/p>\n<p>AGENDA<\/p>\n<p>1.Hora interm\u00e9dia, com reflex\u00e3o sobre o evangelho do domingo seguinte, ou \u00e0 \tescolha do arcipreste<\/p>\n<p>2.Leitura, revis\u00e3o e aprova\u00e7\u00e3o da acta da \u00faltima reuni\u00e3o <\/p>\n<p>3.Pastoral diocesana:<\/p>\n<p>&#8211; Ecos do \u00faltimo Conselho de Presb\u00edteros<\/p>\n<p>&#8211; Concretiza\u00e7\u00e3o do Plano Pastoral no Arciprestado<\/p>\n<p>4.Pastoral arciprestal <\/p>\n<p>5.Outros assuntos.<\/p>\n<p>Datas a recordar:<\/p>\n<p>\u2022 06 de Novembro \u2013 50\u00ba anivers\u00e1rio da Par\u00f3quia da Gafanha do Carmo<\/p>\n<p>\u2022 08 de Novembro \u2013 Conselho Diocesano de Catequistas (\u00c1gueda)<\/p>\n<p>\u2022 09 de Novembro \u2013 Confe-r\u00eancia \u201cEducar para a Vida\u201d(Sal\u00e3o D. Jo\u00e3o Evangelista)<\/p>\n<p>\u2022 11-18 de Novembro \u2013 Semana dos Semin\u00e1rios; ofert\u00f3rio<\/p>\n<p>\u2022 16 de Novembro \u2013 Ac\u00e7\u00e3o de forma\u00e7\u00e3o \u201cPobreza: op\u00e7\u00e3o e drama\u201d (ISCRA)<\/p>\n<p>\u2022 17 de Novembro \u2013 Abertura solene do ano acad\u00e9mico do ISCRA<\/p>\n<p>\u2022 18 de Novembro \u2013  Conselho Regional do CNE (Semin\u00e1rio de Aveiro)<\/p>\n<p>\u2022 19-23 de Novembro \u2013 Retiro espiritual dos Sacerdotes (Casa Diocesana)\t<\/p>\n<p>\u2022 21 de Novembro \u2013 Conselho Diocesano de Pastoral (Semin\u00e1rio de St\u00aa Joana)<\/p>\n<p>\u2022 27 de Novembro \u2013 Conselho de Arciprestes (Semin\u00e1rio de St\u00aa Joana) <\/p>\n<p>\u2022 29 de Nov.-02 de Dez. \u2013 Cursilho de Cristandade para homens (Casa Diocesana)<\/p>\n<p>\u2022 30 de Nov.-02 de Dez. \u2013 Simp\u00f3sio dos Di\u00e1conos Permanentes (F\u00e1tima)<\/p>\n<p>\u2022 03 de Dezembro \u2013 Recolec\u00e7\u00e3o espiritual do Advento para o Clero (Casa Diocesana).<\/p>\n","protected":false},"excerpt":{"rendered":"<p>Novembro de 2007<\/p>\n","protected":false},"author":1,"featured_media":0,"comment_status":"open","ping_status":"open","sticky":false,"template":"","format":"standard","meta":{"footnotes":""},"categories":[70],"tags":[],"class_list":["post-10782","post","type-post","status-publish","format-standard","hentry","category-diocese"],"_links":{"self":[{"href":"https:\/\/sites.ecclesia.pt\/cv\/wp-json\/wp\/v2\/posts\/10782","targetHints":{"allow":["GET"]}}],"collection":[{"href":"https:\/\/sites.ecclesia.pt\/cv\/wp-json\/wp\/v2\/posts"}],"about":[{"href":"https:\/\/sites.ecclesia.pt\/cv\/wp-json\/wp\/v2\/types\/post"}],"author":[{"embeddable":true,"href":"https:\/\/sites.ecclesia.pt\/cv\/wp-json\/wp\/v2\/users\/1"}],"replies":[{"embeddable":true,"href":"https:\/\/sites.ecclesia.pt\/cv\/wp-json\/wp\/v2\/comments?post=10782"}],"version-history":[{"count":0,"href":"https:\/\/sites.ecclesia.pt\/cv\/wp-json\/wp\/v2\/posts\/10782\/revisions"}],"wp:attachment":[{"href":"https:\/\/sites.ecclesia.pt\/cv\/wp-json\/wp\/v2\/media?parent=10782"}],"wp:term":[{"taxonomy":"category","embeddable":true,"href":"https:\/\/sites.ecclesia.pt\/cv\/wp-json\/wp\/v2\/categories?post=10782"},{"taxonomy":"post_tag","embeddable":true,"href":"https:\/\/sites.ecclesia.pt\/cv\/wp-json\/wp\/v2\/tags?post=10782"}],"curies":[{"name":"wp","href":"https:\/\/api.w.org\/{rel}","templated":true}]}}