{"id":10784,"date":"2007-10-31T16:55:00","date_gmt":"2007-10-31T16:55:00","guid":{"rendered":"http:\/\/localhost:81\/wp1\/?p=10784"},"modified":"2007-10-31T16:55:00","modified_gmt":"2007-10-31T16:55:00","slug":"confianca-e-seguranca-em-deus","status":"publish","type":"post","link":"https:\/\/sites.ecclesia.pt\/cv\/confianca-e-seguranca-em-deus\/","title":{"rendered":"Confian\u00e7a e seguran\u00e7a em Deus"},"content":{"rendered":"<p>\u00c0 Luz da Palavra &#8211; XXXI Domingo Comum &#8211; Ano C <!--more--> A liturgia deste domingo convida-nos a contemplar o amor de Deus. Apresenta-nos um Deus que ama a todos, sem excluir ningu\u00e9m, nem sequer os pecadores, os maus, os marginais, os \u201cimpuros\u201d. Revela-nos que s\u00f3 o amor \u00e9 capaz de transformar. O Senhor de todos se compadece, porque \u00e9 omnipotente no amor e n\u00e3o olha para os nossos pecados, at\u00e9 que deles nos arrependamos.<\/p>\n<p>A primeira leitura apresenta-nos a imagem de um Deus condescendente, cheio de bondade e miseric\u00f3rdia, que n\u00e3o quer a morte do pecador, mas a sua convers\u00e3o. \u00c9 esta a imagem de Deus que n\u00f3s conhecemos e amamos? J\u00e1 a interioriz\u00e1mos? Interiorizar esta imagem de Deus significa impregnar-nos da l\u00f3gica do amor e da miseric\u00f3rdia e deixar que ela transpare\u00e7a em gestos concretos para com os nossos irm\u00e3os e irm\u00e3s. \u00c1s vezes, pensamos que certos males que nos incomodam s\u00e3o castigos de Deus pelo nosso mau proceder. No entanto, este texto deixa claro que Deus n\u00e3o est\u00e1 interessado em nos castigar, mas procura fazer-nos perceber, com a pedagogia de um pai\/m\u00e3e cheio de amor, a falta de sentido de algumas op\u00e7\u00f5es que fazemos. <\/p>\n<p>O evangelho apresenta a hist\u00f3ria de um homem pecador, marginalizado e desprezado pelos seus concidad\u00e3os, que se encontrou com Jesus e descobriu nele o rosto do Deus que ama. Jesus convidou-o a sentar-se \u00e0 mesa com Ele. A\u00ed, esse homem, ego\u00edsta e pecador, deixou-se transformar pelo amor de Deus e tornou-se um homem generoso, capaz de partilhar os seus bens e de se compadecer com a sorte dos pobres. \u201cHoje entrou a salva\u00e7\u00e3o nesta casa\u201d, disse Jesus a Zaqueu, depois deste lhe ter manifestado sentimentos e prop\u00f3sitos de uma verdadeira convers\u00e3o. \u00c9 bem claro que este \u201choje\u201d acontece no tempo e na hist\u00f3ria de cada um e do povo. Mas ele n\u00e3o se refere apenas a uma temporalidade cronol\u00f3gica, pois est\u00e1 para al\u00e9m e para aqu\u00e9m da hist\u00f3ria. \u00c9 a temporalidade humana, onde Deus actua. Em linguagem teol\u00f3gica, chamamos-lhe \u201ckair\u00f3s\u201d, palavra grega que significa o tempo de Deus, o tempo da salva\u00e7\u00e3o, o \u201caqui e agora\u201d, o \u201choje\u201d de cada pessoa que acolhe esse tempo no seu cora\u00e7\u00e3o. Como acolhemos e tratamos os que t\u00eam comportamentos socialmente inaceit\u00e1veis? Percebemos que Deus tem um \u201ctempo\u201d certo para salvar essas pessoas e que n\u00f3s podemos ser ou n\u00e3o ve\u00edculo dessa salva\u00e7\u00e3o?<\/p>\n<p>Na segunda leitura, Paulo exorta-nos a que permane\u00e7amos dignos deste amor criador de Deus, deste chamamento que Ele faz \u00e0 salva\u00e7\u00e3o, pelo conhecimento de Nosso Senhor Jesus Cristo. Para tanto, \u00e9 necess\u00e1rio ter bons prop\u00f3sitos e trabalhar na f\u00e9. Faz\u00ea-la crescer e desenvolver pelo estudo, ora\u00e7\u00e3o e perseveran\u00e7a nas boas obras. O crist\u00e3o e a crist\u00e3, assim fortificados, n\u00e3o temem os an\u00fancios prof\u00e9ticos falsos de um fim de mundo iminente, de uma cat\u00e1strofe mundial, como se fossem as pessoas deste mundo que comandassem a hist\u00f3ria. A palavra de hoje apela-nos \u00e0 confian\u00e7a e seguran\u00e7a em Deus, que \u00e9 poderoso no amor e ama a obra das suas m\u00e3os. Tenho consci\u00eancia de que a salva\u00e7\u00e3o n\u00e3o \u00e9 uma conquista minha, mas um dom de Deus? <\/p>\n<p>XXXI Domingo Comum: Sab 11,22-12,3; Sl 145 (144); 2 Ts 1,11-2,1; Lc 19,1-10<\/p>\n<p>Deolinda Serralheiro<\/p>\n","protected":false},"excerpt":{"rendered":"<p>\u00c0 Luz da Palavra &#8211; XXXI Domingo Comum &#8211; Ano C<\/p>\n","protected":false},"author":1,"featured_media":0,"comment_status":"open","ping_status":"open","sticky":false,"template":"","format":"standard","meta":{"footnotes":""},"categories":[59],"tags":[],"class_list":["post-10784","post","type-post","status-publish","format-standard","hentry","category-formacao"],"_links":{"self":[{"href":"https:\/\/sites.ecclesia.pt\/cv\/wp-json\/wp\/v2\/posts\/10784","targetHints":{"allow":["GET"]}}],"collection":[{"href":"https:\/\/sites.ecclesia.pt\/cv\/wp-json\/wp\/v2\/posts"}],"about":[{"href":"https:\/\/sites.ecclesia.pt\/cv\/wp-json\/wp\/v2\/types\/post"}],"author":[{"embeddable":true,"href":"https:\/\/sites.ecclesia.pt\/cv\/wp-json\/wp\/v2\/users\/1"}],"replies":[{"embeddable":true,"href":"https:\/\/sites.ecclesia.pt\/cv\/wp-json\/wp\/v2\/comments?post=10784"}],"version-history":[{"count":0,"href":"https:\/\/sites.ecclesia.pt\/cv\/wp-json\/wp\/v2\/posts\/10784\/revisions"}],"wp:attachment":[{"href":"https:\/\/sites.ecclesia.pt\/cv\/wp-json\/wp\/v2\/media?parent=10784"}],"wp:term":[{"taxonomy":"category","embeddable":true,"href":"https:\/\/sites.ecclesia.pt\/cv\/wp-json\/wp\/v2\/categories?post=10784"},{"taxonomy":"post_tag","embeddable":true,"href":"https:\/\/sites.ecclesia.pt\/cv\/wp-json\/wp\/v2\/tags?post=10784"}],"curies":[{"name":"wp","href":"https:\/\/api.w.org\/{rel}","templated":true}]}}