{"id":10786,"date":"2007-10-31T16:59:00","date_gmt":"2007-10-31T16:59:00","guid":{"rendered":"http:\/\/localhost:81\/wp1\/?p=10786"},"modified":"2007-10-31T16:59:00","modified_gmt":"2007-10-31T16:59:00","slug":"bento-xvi-apela-a-objeccao-de-consciencia-dos-farmaceuticos","status":"publish","type":"post","link":"https:\/\/sites.ecclesia.pt\/cv\/bento-xvi-apela-a-objeccao-de-consciencia-dos-farmaceuticos\/","title":{"rendered":"Bento XVI apela \u00e0 objec\u00e7\u00e3o de consci\u00eancia dos farmac\u00eauticos"},"content":{"rendered":"<p>Bento XVI defendeu esta segunda-feira, no Vaticano, que a objec\u00e7\u00e3o de consci\u00eancia \u201c\u00e9 um direito que deve ser reconhecido\u201d tamb\u00e9m aos farmac\u00eauticos, nos casos do aborto e da eutan\u00e1sia.<\/p>\n<p>Recebendo no Vaticano os participantes do Congresso Mundial \u201cAs novas fronteiras do acto farmac\u00eautico\u201d, o Papa pediu que estes profissionais possam ter a op\u00e7\u00e3o de \u201cn\u00e3o colaborar directa ou indirectamente no fornecimento de produtos que t\u00eam como objectivo escolhas claramente imorais\u201d.<\/p>\n<p>Entre as preocupa\u00e7\u00f5es apontadas est\u00e3o as subst\u00e2ncias que impedem \u201ca nidifica\u00e7\u00e3o de um embri\u00e3o\u201d (a chamada p\u00edlula abortiva) e as que procuram \u201cabreviar a vida de uma pessoa\u201d.<\/p>\n<p>Bento XVI defendeu tamb\u00e9m \u201ca solidariedade no dom\u00ednio terap\u00eautico, para permitir um acesso aos medicamentos de primeira necessidade de todas as camadas da popula\u00e7\u00e3o e em todos os pa\u00edses, nomeadamente para as pessoas mais pobres\u201d. <\/p>\n","protected":false},"excerpt":{"rendered":"<p>Bento XVI defendeu esta segunda-feira, no Vaticano, que a objec\u00e7\u00e3o de consci\u00eancia \u201c\u00e9 um direito que deve ser reconhecido\u201d tamb\u00e9m aos farmac\u00eauticos, nos casos do aborto e da eutan\u00e1sia. Recebendo no Vaticano os participantes do Congresso Mundial \u201cAs novas fronteiras do acto farmac\u00eautico\u201d, o Papa pediu que estes profissionais possam ter a op\u00e7\u00e3o de \u201cn\u00e3o [&hellip;]<\/p>\n","protected":false},"author":1,"featured_media":0,"comment_status":"open","ping_status":"open","sticky":false,"template":"","format":"standard","meta":{"footnotes":""},"categories":[44],"tags":[],"class_list":["post-10786","post","type-post","status-publish","format-standard","hentry","category-igreja"],"_links":{"self":[{"href":"https:\/\/sites.ecclesia.pt\/cv\/wp-json\/wp\/v2\/posts\/10786","targetHints":{"allow":["GET"]}}],"collection":[{"href":"https:\/\/sites.ecclesia.pt\/cv\/wp-json\/wp\/v2\/posts"}],"about":[{"href":"https:\/\/sites.ecclesia.pt\/cv\/wp-json\/wp\/v2\/types\/post"}],"author":[{"embeddable":true,"href":"https:\/\/sites.ecclesia.pt\/cv\/wp-json\/wp\/v2\/users\/1"}],"replies":[{"embeddable":true,"href":"https:\/\/sites.ecclesia.pt\/cv\/wp-json\/wp\/v2\/comments?post=10786"}],"version-history":[{"count":0,"href":"https:\/\/sites.ecclesia.pt\/cv\/wp-json\/wp\/v2\/posts\/10786\/revisions"}],"wp:attachment":[{"href":"https:\/\/sites.ecclesia.pt\/cv\/wp-json\/wp\/v2\/media?parent=10786"}],"wp:term":[{"taxonomy":"category","embeddable":true,"href":"https:\/\/sites.ecclesia.pt\/cv\/wp-json\/wp\/v2\/categories?post=10786"},{"taxonomy":"post_tag","embeddable":true,"href":"https:\/\/sites.ecclesia.pt\/cv\/wp-json\/wp\/v2\/tags?post=10786"}],"curies":[{"name":"wp","href":"https:\/\/api.w.org\/{rel}","templated":true}]}}