{"id":10787,"date":"2007-10-31T17:00:00","date_gmt":"2007-10-31T17:00:00","guid":{"rendered":"http:\/\/localhost:81\/wp1\/?p=10787"},"modified":"2007-10-31T17:00:00","modified_gmt":"2007-10-31T17:00:00","slug":"missionario-portugues-premiado-nas-filipinas","status":"publish","type":"post","link":"https:\/\/sites.ecclesia.pt\/cv\/missionario-portugues-premiado-nas-filipinas\/","title":{"rendered":"Mission\u00e1rio portugu\u00eas premiado nas Filipinas"},"content":{"rendered":"<p>O padre Jos\u00e9 Rebelo, dos Mission\u00e1rios Combonianos, foi premiado com um dos Catholic Mass Media Awards (Pr\u00e9mio dos media cat\u00f3licos), atribu\u00eddo pela funda\u00e7\u00e3o com o mesmo nome, da Arquidiocese de Manila (Filipinas).<\/p>\n<p>Entre 800 candidatos, incluindo os principais jornais, r\u00e1dios e televis\u00f5es do pa\u00eds, a World Mission, dirigida por Jos\u00e9 Rebelo, recebeu o pr\u00e9mio de melhor revista.<\/p>\n<p>A publica\u00e7\u00e3o imprime actualmente 9500 exemplares e foi fundada em 1989 por um outro portugu\u00eas, o Pe. Manuel Augusto Ferreira, que dirige agora a Al\u00e9m-Mar.<\/p>\n<p>\u201cO pr\u00e9mio reconhece o trabalho feito na remodela\u00e7\u00e3o gr\u00e1fica e de conte\u00fados da revista\u201d, feita nos \u00faltimos dois anos, explicou o Pe. Jos\u00e9 Rebelo, em declara\u00e7\u00f5es ao jornal P\u00fablico.<\/p>\n<p>A World Mission, revista mission\u00e1ria que os Combonianos publicam nas Filipinas, tem periodicidade mensal e procura apresentar reportagens, not\u00edcias, fotos, an\u00e1lises e opini\u00f5es sobre a vida de povos que s\u00e3o pouco referidos noutras publica\u00e7\u00f5es.<\/p>\n","protected":false},"excerpt":{"rendered":"<p>O padre Jos\u00e9 Rebelo, dos Mission\u00e1rios Combonianos, foi premiado com um dos Catholic Mass Media Awards (Pr\u00e9mio dos media cat\u00f3licos), atribu\u00eddo pela funda\u00e7\u00e3o com o mesmo nome, da Arquidiocese de Manila (Filipinas). Entre 800 candidatos, incluindo os principais jornais, r\u00e1dios e televis\u00f5es do pa\u00eds, a World Mission, dirigida por Jos\u00e9 Rebelo, recebeu o pr\u00e9mio de [&hellip;]<\/p>\n","protected":false},"author":1,"featured_media":0,"comment_status":"open","ping_status":"open","sticky":false,"template":"","format":"standard","meta":{"footnotes":""},"categories":[44],"tags":[],"class_list":["post-10787","post","type-post","status-publish","format-standard","hentry","category-igreja"],"_links":{"self":[{"href":"https:\/\/sites.ecclesia.pt\/cv\/wp-json\/wp\/v2\/posts\/10787","targetHints":{"allow":["GET"]}}],"collection":[{"href":"https:\/\/sites.ecclesia.pt\/cv\/wp-json\/wp\/v2\/posts"}],"about":[{"href":"https:\/\/sites.ecclesia.pt\/cv\/wp-json\/wp\/v2\/types\/post"}],"author":[{"embeddable":true,"href":"https:\/\/sites.ecclesia.pt\/cv\/wp-json\/wp\/v2\/users\/1"}],"replies":[{"embeddable":true,"href":"https:\/\/sites.ecclesia.pt\/cv\/wp-json\/wp\/v2\/comments?post=10787"}],"version-history":[{"count":0,"href":"https:\/\/sites.ecclesia.pt\/cv\/wp-json\/wp\/v2\/posts\/10787\/revisions"}],"wp:attachment":[{"href":"https:\/\/sites.ecclesia.pt\/cv\/wp-json\/wp\/v2\/media?parent=10787"}],"wp:term":[{"taxonomy":"category","embeddable":true,"href":"https:\/\/sites.ecclesia.pt\/cv\/wp-json\/wp\/v2\/categories?post=10787"},{"taxonomy":"post_tag","embeddable":true,"href":"https:\/\/sites.ecclesia.pt\/cv\/wp-json\/wp\/v2\/tags?post=10787"}],"curies":[{"name":"wp","href":"https:\/\/api.w.org\/{rel}","templated":true}]}}