{"id":10795,"date":"2007-10-31T17:23:00","date_gmt":"2007-10-31T17:23:00","guid":{"rendered":"http:\/\/localhost:81\/wp1\/?p=10795"},"modified":"2007-10-31T17:23:00","modified_gmt":"2007-10-31T17:23:00","slug":"a-imagem-arquitectura-a-imagem-territorio","status":"publish","type":"post","link":"https:\/\/sites.ecclesia.pt\/cv\/a-imagem-arquitectura-a-imagem-territorio\/","title":{"rendered":"&#8220;A Imagem Arquitectura. A Imagem Territ\u00f3rio&#8221;"},"content":{"rendered":"<p>Confer\u00eancia com fot\u00f3grafo e arquitecto <!--more--> \u201cA Imagem Arquitectura. A Imagem Territ\u00f3rio\u201d \u00e9 o tema da confer\u00eancia que, no dia 2 de Novembro, \u00e0s 21h30, tem lugar no Espa\u00e7o A \u2013 Casa Municipal da Cultura \u2013 Edif\u00edcio Fernando T\u00e1vora. Promovida pelo N\u00facleo de Aveiro da Ordem dos Arquitectos, a confer\u00eancia conta com a participa\u00e7\u00e3o de Andr\u00e9 Tavares (arquitecto) e de Duarte Belo (fot\u00f3grafo) e surge no \u00e2mbito da Exposi\u00e7\u00e3o \u201cAveiro Projecto Fotogr\u00e1fico\u201d de Lu\u00eds Oliveira Santos, que se encontra aberta ao p\u00fablico de ter\u00e7a-feira a domingo, das 14h \u00e0s 19h. Confer\u00eancia e exposi\u00e7\u00e3o t\u00eam entrada livre e destinam-se a toda a popula\u00e7\u00e3o.<\/p>\n","protected":false},"excerpt":{"rendered":"<p>Confer\u00eancia com fot\u00f3grafo e arquitecto<\/p>\n","protected":false},"author":1,"featured_media":0,"comment_status":"open","ping_status":"open","sticky":false,"template":"","format":"standard","meta":{"footnotes":""},"categories":[45],"tags":[],"class_list":["post-10795","post","type-post","status-publish","format-standard","hentry","category-regioes"],"_links":{"self":[{"href":"https:\/\/sites.ecclesia.pt\/cv\/wp-json\/wp\/v2\/posts\/10795","targetHints":{"allow":["GET"]}}],"collection":[{"href":"https:\/\/sites.ecclesia.pt\/cv\/wp-json\/wp\/v2\/posts"}],"about":[{"href":"https:\/\/sites.ecclesia.pt\/cv\/wp-json\/wp\/v2\/types\/post"}],"author":[{"embeddable":true,"href":"https:\/\/sites.ecclesia.pt\/cv\/wp-json\/wp\/v2\/users\/1"}],"replies":[{"embeddable":true,"href":"https:\/\/sites.ecclesia.pt\/cv\/wp-json\/wp\/v2\/comments?post=10795"}],"version-history":[{"count":0,"href":"https:\/\/sites.ecclesia.pt\/cv\/wp-json\/wp\/v2\/posts\/10795\/revisions"}],"wp:attachment":[{"href":"https:\/\/sites.ecclesia.pt\/cv\/wp-json\/wp\/v2\/media?parent=10795"}],"wp:term":[{"taxonomy":"category","embeddable":true,"href":"https:\/\/sites.ecclesia.pt\/cv\/wp-json\/wp\/v2\/categories?post=10795"},{"taxonomy":"post_tag","embeddable":true,"href":"https:\/\/sites.ecclesia.pt\/cv\/wp-json\/wp\/v2\/tags?post=10795"}],"curies":[{"name":"wp","href":"https:\/\/api.w.org\/{rel}","templated":true}]}}