{"id":10796,"date":"2007-10-31T17:24:00","date_gmt":"2007-10-31T17:24:00","guid":{"rendered":"http:\/\/localhost:81\/wp1\/?p=10796"},"modified":"2007-10-31T17:24:00","modified_gmt":"2007-10-31T17:24:00","slug":"ponte-no-jardim-da-baixa-de-santo-antonio","status":"publish","type":"post","link":"https:\/\/sites.ecclesia.pt\/cv\/ponte-no-jardim-da-baixa-de-santo-antonio\/","title":{"rendered":"Ponte no Jardim da Baixa de Santo Ant\u00f3nio"},"content":{"rendered":"<p>Pormenores de Aveiro <!--more--> No jardim da Baixa de Santo Ant\u00f3nio encontra-se uma original \u201cponte suspensa\u201d pedonal, feita em madeira, que tem como caracter\u00edstica principal ser tamb\u00e9m uma \u201cponte baloi\u00e7ante\u201d.<\/p>\n<p>Das cerca de duas dezenas de pontes pedonais existentes em Aveiro, esta ponte \u00e9 a que tem o tabuleiro mais pr\u00f3ximo da \u00e1gua.<\/p>\n<p>C.F.<\/p>\n","protected":false},"excerpt":{"rendered":"<p>Pormenores de Aveiro<\/p>\n","protected":false},"author":1,"featured_media":0,"comment_status":"open","ping_status":"open","sticky":false,"template":"","format":"standard","meta":{"footnotes":""},"categories":[45],"tags":[],"class_list":["post-10796","post","type-post","status-publish","format-standard","hentry","category-regioes"],"_links":{"self":[{"href":"https:\/\/sites.ecclesia.pt\/cv\/wp-json\/wp\/v2\/posts\/10796","targetHints":{"allow":["GET"]}}],"collection":[{"href":"https:\/\/sites.ecclesia.pt\/cv\/wp-json\/wp\/v2\/posts"}],"about":[{"href":"https:\/\/sites.ecclesia.pt\/cv\/wp-json\/wp\/v2\/types\/post"}],"author":[{"embeddable":true,"href":"https:\/\/sites.ecclesia.pt\/cv\/wp-json\/wp\/v2\/users\/1"}],"replies":[{"embeddable":true,"href":"https:\/\/sites.ecclesia.pt\/cv\/wp-json\/wp\/v2\/comments?post=10796"}],"version-history":[{"count":0,"href":"https:\/\/sites.ecclesia.pt\/cv\/wp-json\/wp\/v2\/posts\/10796\/revisions"}],"wp:attachment":[{"href":"https:\/\/sites.ecclesia.pt\/cv\/wp-json\/wp\/v2\/media?parent=10796"}],"wp:term":[{"taxonomy":"category","embeddable":true,"href":"https:\/\/sites.ecclesia.pt\/cv\/wp-json\/wp\/v2\/categories?post=10796"},{"taxonomy":"post_tag","embeddable":true,"href":"https:\/\/sites.ecclesia.pt\/cv\/wp-json\/wp\/v2\/tags?post=10796"}],"curies":[{"name":"wp","href":"https:\/\/api.w.org\/{rel}","templated":true}]}}