{"id":10797,"date":"2007-10-31T17:24:00","date_gmt":"2007-10-31T17:24:00","guid":{"rendered":"http:\/\/localhost:81\/wp1\/?p=10797"},"modified":"2007-10-31T17:24:00","modified_gmt":"2007-10-31T17:24:00","slug":"cma-adjudicou-construcao-do-centro-ambiental","status":"publish","type":"post","link":"https:\/\/sites.ecclesia.pt\/cv\/cma-adjudicou-construcao-do-centro-ambiental\/","title":{"rendered":"CMA adjudicou constru\u00e7\u00e3o do Centro Ambiental"},"content":{"rendered":"<p>A C\u00e2mara Municipal de Aveiro (CMA) adjudicou a constru\u00e7\u00e3o do Centro de Monitoriza\u00e7\u00e3o e Interpreta\u00e7\u00e3o Ambiental, pelo montante de 462.000 euros, cujos trabalhos dever\u00e3o arrancar no in\u00edcio de 2008, prevendo-se que fiquem conclu\u00eddos em meados do pr\u00f3ximo Ver\u00e3o.<\/p>\n<p>O Centro de Monitoriza\u00e7\u00e3o e Interpreta\u00e7\u00e3o Ambiental ser\u00e1 erguido num terreno da autarquia aveirense, situado junto ao TIRTIF, nas marinhas, conforme o projecto desenvolvido pela Sociedade Aveiro Polis, projecto que passou para a responsabilidade da autarquia aveirense ap\u00f3s a extin\u00e7\u00e3o daquela sociedade.<\/p>\n<p>Com a constru\u00e7\u00e3o do Centro de Monitoriza\u00e7\u00e3o e Interpreta\u00e7\u00e3o Ambiental, a C\u00e2mara Municipal de Aveiro deixa cair o projectado do Centro Interpretativo do Eco-Museu da Marinha da Troncalhada.<\/p>\n","protected":false},"excerpt":{"rendered":"<p>A C\u00e2mara Municipal de Aveiro (CMA) adjudicou a constru\u00e7\u00e3o do Centro de Monitoriza\u00e7\u00e3o e Interpreta\u00e7\u00e3o Ambiental, pelo montante de 462.000 euros, cujos trabalhos dever\u00e3o arrancar no in\u00edcio de 2008, prevendo-se que fiquem conclu\u00eddos em meados do pr\u00f3ximo Ver\u00e3o. O Centro de Monitoriza\u00e7\u00e3o e Interpreta\u00e7\u00e3o Ambiental ser\u00e1 erguido num terreno da autarquia aveirense, situado junto ao [&hellip;]<\/p>\n","protected":false},"author":1,"featured_media":0,"comment_status":"open","ping_status":"open","sticky":false,"template":"","format":"standard","meta":{"footnotes":""},"categories":[45],"tags":[],"class_list":["post-10797","post","type-post","status-publish","format-standard","hentry","category-regioes"],"_links":{"self":[{"href":"https:\/\/sites.ecclesia.pt\/cv\/wp-json\/wp\/v2\/posts\/10797","targetHints":{"allow":["GET"]}}],"collection":[{"href":"https:\/\/sites.ecclesia.pt\/cv\/wp-json\/wp\/v2\/posts"}],"about":[{"href":"https:\/\/sites.ecclesia.pt\/cv\/wp-json\/wp\/v2\/types\/post"}],"author":[{"embeddable":true,"href":"https:\/\/sites.ecclesia.pt\/cv\/wp-json\/wp\/v2\/users\/1"}],"replies":[{"embeddable":true,"href":"https:\/\/sites.ecclesia.pt\/cv\/wp-json\/wp\/v2\/comments?post=10797"}],"version-history":[{"count":0,"href":"https:\/\/sites.ecclesia.pt\/cv\/wp-json\/wp\/v2\/posts\/10797\/revisions"}],"wp:attachment":[{"href":"https:\/\/sites.ecclesia.pt\/cv\/wp-json\/wp\/v2\/media?parent=10797"}],"wp:term":[{"taxonomy":"category","embeddable":true,"href":"https:\/\/sites.ecclesia.pt\/cv\/wp-json\/wp\/v2\/categories?post=10797"},{"taxonomy":"post_tag","embeddable":true,"href":"https:\/\/sites.ecclesia.pt\/cv\/wp-json\/wp\/v2\/tags?post=10797"}],"curies":[{"name":"wp","href":"https:\/\/api.w.org\/{rel}","templated":true}]}}