{"id":10798,"date":"2007-10-31T17:26:00","date_gmt":"2007-10-31T17:26:00","guid":{"rendered":"http:\/\/localhost:81\/wp1\/?p=10798"},"modified":"2007-10-31T17:26:00","modified_gmt":"2007-10-31T17:26:00","slug":"rotarios-homenagearam-magistrado-e-centro-social-e-paroquial-da-vera-cruz","status":"publish","type":"post","link":"https:\/\/sites.ecclesia.pt\/cv\/rotarios-homenagearam-magistrado-e-centro-social-e-paroquial-da-vera-cruz\/","title":{"rendered":"Rot\u00e1rios homenagearam magistrado e Centro Social e Paroquial da Vera-Cruz"},"content":{"rendered":"<p>O Rotary Club de Aveiro (RCA) prestou homenagem, no dia 29 de Outubro, a M\u00e1rio Mendes, magistrado que foi director-geral da Pol\u00edcia Judici\u00e1ria Portuguesa, e ao Centro Social e Paroquial da Vera Cruz. Segundo nota do Rotary Club de Aveiro, a institui\u00e7\u00e3o da par\u00f3quia da Vera Cruz destaca-se \u201cpelo trabalho desenvolvido ao longo dos anos nas v\u00e1rias val\u00eancias sociais\u201d. A homenagem decorreu durante um jantar festivo no Hotel Imperial.<\/p>\n<p>Em Outubro, os cerca de 32.700 Clubes Rot\u00e1rios que existem pelo mundo homenageiam os melhores profissionais das suas comunidades.<\/p>\n","protected":false},"excerpt":{"rendered":"<p>O Rotary Club de Aveiro (RCA) prestou homenagem, no dia 29 de Outubro, a M\u00e1rio Mendes, magistrado que foi director-geral da Pol\u00edcia Judici\u00e1ria Portuguesa, e ao Centro Social e Paroquial da Vera Cruz. Segundo nota do Rotary Club de Aveiro, a institui\u00e7\u00e3o da par\u00f3quia da Vera Cruz destaca-se \u201cpelo trabalho desenvolvido ao longo dos anos [&hellip;]<\/p>\n","protected":false},"author":1,"featured_media":0,"comment_status":"open","ping_status":"open","sticky":false,"template":"","format":"standard","meta":{"footnotes":""},"categories":[45],"tags":[],"class_list":["post-10798","post","type-post","status-publish","format-standard","hentry","category-regioes"],"_links":{"self":[{"href":"https:\/\/sites.ecclesia.pt\/cv\/wp-json\/wp\/v2\/posts\/10798","targetHints":{"allow":["GET"]}}],"collection":[{"href":"https:\/\/sites.ecclesia.pt\/cv\/wp-json\/wp\/v2\/posts"}],"about":[{"href":"https:\/\/sites.ecclesia.pt\/cv\/wp-json\/wp\/v2\/types\/post"}],"author":[{"embeddable":true,"href":"https:\/\/sites.ecclesia.pt\/cv\/wp-json\/wp\/v2\/users\/1"}],"replies":[{"embeddable":true,"href":"https:\/\/sites.ecclesia.pt\/cv\/wp-json\/wp\/v2\/comments?post=10798"}],"version-history":[{"count":0,"href":"https:\/\/sites.ecclesia.pt\/cv\/wp-json\/wp\/v2\/posts\/10798\/revisions"}],"wp:attachment":[{"href":"https:\/\/sites.ecclesia.pt\/cv\/wp-json\/wp\/v2\/media?parent=10798"}],"wp:term":[{"taxonomy":"category","embeddable":true,"href":"https:\/\/sites.ecclesia.pt\/cv\/wp-json\/wp\/v2\/categories?post=10798"},{"taxonomy":"post_tag","embeddable":true,"href":"https:\/\/sites.ecclesia.pt\/cv\/wp-json\/wp\/v2\/tags?post=10798"}],"curies":[{"name":"wp","href":"https:\/\/api.w.org\/{rel}","templated":true}]}}