{"id":10799,"date":"2007-10-31T17:27:00","date_gmt":"2007-10-31T17:27:00","guid":{"rendered":"http:\/\/localhost:81\/wp1\/?p=10799"},"modified":"2007-10-31T17:27:00","modified_gmt":"2007-10-31T17:27:00","slug":"mobiliario-e-moda-nupcial-em-exposicao-no-parque-de-feiras-de-aveiro","status":"publish","type":"post","link":"https:\/\/sites.ecclesia.pt\/cv\/mobiliario-e-moda-nupcial-em-exposicao-no-parque-de-feiras-de-aveiro\/","title":{"rendered":"Mobili\u00e1rio e moda nupcial em exposi\u00e7\u00e3o no Parque de Feiras de Aveiro"},"content":{"rendered":"<p>O Parque de Exposi\u00e7\u00f5es de Aveiro recebe, at\u00e9 ao dia 4 de No-vembro, a 4\u00aa edi\u00e7\u00e3o da M\u00f3veldecor, sal\u00e3o das \u00faltimas tend\u00eancias de mobili\u00e1rio e decora\u00e7\u00e3o. A partir do dia 1 de Novembro, decorrer\u00e1, em simult\u00e2neo com a M\u00f3veldecor, o Sal\u00e3o AveiroNoivos, que este ano apresenta cerca de uma centena de expositores dos sectores da moda nupcial, fotografia, catering, ag\u00eancias de viagens e aluguer de autom\u00f3veis.<\/p>\n<p>Os desfiles de moda nupcial decorrem no s\u00e1bado \u00e0s 16h30 e \u00e0s 20h30 e no domingo \u00e0s 16h30. Os certames est\u00e3o abertos s\u00e1bados, domingos e feriado, das 15h \u00e0s 23h, dias \u00fateis das 17h \u00e0s 23h e no \u00faltimo dia das 15h \u00e0s 20h.<\/p>\n","protected":false},"excerpt":{"rendered":"<p>O Parque de Exposi\u00e7\u00f5es de Aveiro recebe, at\u00e9 ao dia 4 de No-vembro, a 4\u00aa edi\u00e7\u00e3o da M\u00f3veldecor, sal\u00e3o das \u00faltimas tend\u00eancias de mobili\u00e1rio e decora\u00e7\u00e3o. A partir do dia 1 de Novembro, decorrer\u00e1, em simult\u00e2neo com a M\u00f3veldecor, o Sal\u00e3o AveiroNoivos, que este ano apresenta cerca de uma centena de expositores dos sectores da [&hellip;]<\/p>\n","protected":false},"author":1,"featured_media":0,"comment_status":"open","ping_status":"open","sticky":false,"template":"","format":"standard","meta":{"footnotes":""},"categories":[45],"tags":[],"class_list":["post-10799","post","type-post","status-publish","format-standard","hentry","category-regioes"],"_links":{"self":[{"href":"https:\/\/sites.ecclesia.pt\/cv\/wp-json\/wp\/v2\/posts\/10799","targetHints":{"allow":["GET"]}}],"collection":[{"href":"https:\/\/sites.ecclesia.pt\/cv\/wp-json\/wp\/v2\/posts"}],"about":[{"href":"https:\/\/sites.ecclesia.pt\/cv\/wp-json\/wp\/v2\/types\/post"}],"author":[{"embeddable":true,"href":"https:\/\/sites.ecclesia.pt\/cv\/wp-json\/wp\/v2\/users\/1"}],"replies":[{"embeddable":true,"href":"https:\/\/sites.ecclesia.pt\/cv\/wp-json\/wp\/v2\/comments?post=10799"}],"version-history":[{"count":0,"href":"https:\/\/sites.ecclesia.pt\/cv\/wp-json\/wp\/v2\/posts\/10799\/revisions"}],"wp:attachment":[{"href":"https:\/\/sites.ecclesia.pt\/cv\/wp-json\/wp\/v2\/media?parent=10799"}],"wp:term":[{"taxonomy":"category","embeddable":true,"href":"https:\/\/sites.ecclesia.pt\/cv\/wp-json\/wp\/v2\/categories?post=10799"},{"taxonomy":"post_tag","embeddable":true,"href":"https:\/\/sites.ecclesia.pt\/cv\/wp-json\/wp\/v2\/tags?post=10799"}],"curies":[{"name":"wp","href":"https:\/\/api.w.org\/{rel}","templated":true}]}}