{"id":108,"date":"2006-04-03T14:44:00","date_gmt":"2006-04-03T14:44:00","guid":{"rendered":"http:\/\/localhost:81\/wp1\/?p=108"},"modified":"2006-04-03T14:44:00","modified_gmt":"2006-04-03T14:44:00","slug":"agora-de-jovens-do-mediterraneo","status":"publish","type":"post","link":"https:\/\/sites.ecclesia.pt\/cv\/agora-de-jovens-do-mediterraneo\/","title":{"rendered":"\u00c1gora de Jovens do Mediterr\u00e2neo"},"content":{"rendered":"<p>Em Destaque <!--more--> Vai realizar-se em Loreto, It\u00e1lia, no Centro Jo\u00e3o Paulo II, entre os dias 8 e 13 de Setembro, a segunda edi\u00e7\u00e3o do \u00c1gora dos Jovens do Mediterr\u00e2neo, este ano com o tema \u201cBenditos os que est\u00e3o tristes: Deus os consolar\u00e1\u201d.<\/p>\n<p>Neste encontro e em representa\u00e7\u00e3o do Departamento Nacional de Pastoral Juvenil, estar\u00e3o presentes 6 jovens portugueses.<\/p>\n<p>O programa conta com a participa\u00e7\u00e3o de diversas personalidades entre as quais se destacam as presen\u00e7as de Elisa Springhel, \u00faltima sobrevivente do campo de concentra\u00e7\u00e3o de Aushwitz, do bispo de Loreto, Angelo Comastri e do director nacional italiano da Pastoral Juvenil, Paolo Giulietti. No \u00faltimo dia os jovens delegados dos pa\u00edses mediterr\u00e2nicos participar\u00e3o no encontro nacional EurHope, terminando com uma vig\u00edlia nocturna na Santa Casa de Loreto.<\/p>\n<p>Terminado o encontro, diversas dioceses italianas, prontificaram-se a acolher por uns dias os delegados, dando, desta forma, a conhecer um pouco da cultura e costumes deste pa\u00eds.<\/p>\n<p>O regresso est\u00e1 agendado para o dia 19 de Setembro.<\/p>\n<p>Pedro Martins \u2013 DNPJ<\/p>\n","protected":false},"excerpt":{"rendered":"<p>Em Destaque<\/p>\n","protected":false},"author":1,"featured_media":0,"comment_status":"open","ping_status":"open","sticky":false,"template":"","format":"standard","meta":{"footnotes":""},"categories":[65],"tags":[],"class_list":["post-108","post","type-post","status-publish","format-standard","hentry","category-linhas-directas"],"_links":{"self":[{"href":"https:\/\/sites.ecclesia.pt\/cv\/wp-json\/wp\/v2\/posts\/108","targetHints":{"allow":["GET"]}}],"collection":[{"href":"https:\/\/sites.ecclesia.pt\/cv\/wp-json\/wp\/v2\/posts"}],"about":[{"href":"https:\/\/sites.ecclesia.pt\/cv\/wp-json\/wp\/v2\/types\/post"}],"author":[{"embeddable":true,"href":"https:\/\/sites.ecclesia.pt\/cv\/wp-json\/wp\/v2\/users\/1"}],"replies":[{"embeddable":true,"href":"https:\/\/sites.ecclesia.pt\/cv\/wp-json\/wp\/v2\/comments?post=108"}],"version-history":[{"count":0,"href":"https:\/\/sites.ecclesia.pt\/cv\/wp-json\/wp\/v2\/posts\/108\/revisions"}],"wp:attachment":[{"href":"https:\/\/sites.ecclesia.pt\/cv\/wp-json\/wp\/v2\/media?parent=108"}],"wp:term":[{"taxonomy":"category","embeddable":true,"href":"https:\/\/sites.ecclesia.pt\/cv\/wp-json\/wp\/v2\/categories?post=108"},{"taxonomy":"post_tag","embeddable":true,"href":"https:\/\/sites.ecclesia.pt\/cv\/wp-json\/wp\/v2\/tags?post=108"}],"curies":[{"name":"wp","href":"https:\/\/api.w.org\/{rel}","templated":true}]}}