{"id":109,"date":"2006-04-03T14:44:00","date_gmt":"2006-04-03T14:44:00","guid":{"rendered":"http:\/\/localhost:81\/wp1\/?p=109"},"modified":"2006-04-03T14:44:00","modified_gmt":"2006-04-03T14:44:00","slug":"uma-missao-que-nao-e-impossivel","status":"publish","type":"post","link":"https:\/\/sites.ecclesia.pt\/cv\/uma-missao-que-nao-e-impossivel\/","title":{"rendered":"Uma miss\u00e3o que n\u00e3o \u00e9 imposs\u00edvel&#8230;"},"content":{"rendered":"<p>Ajuda Mission\u00e1ria em Angola <!--more--> Ajudar os que necessitam. Dar carinho aos que n\u00e3o t\u00eam. Ensinar os que n\u00e3o t\u00eam como aprender. Dar colo a quem n\u00e3o tem carinho. Ser amigo de quem diz n\u00e3o ter amigos. Dar a m\u00e3o a quem precisa.<\/p>\n<p>S\u00e3o estes alguns dos objectivos que tinha quando realizei esta viagem. <\/p>\n<p>Vi que existe um mundo que necessita de n\u00f3s. Eu, tu, ele, N\u00f3s&#8230;&#8230;&#8230;.<\/p>\n<p>Existe um mundo diferente do nosso, mas dentro do nosso. Realizei uma experi\u00eancia mission\u00e1ria, em Angola, durante um m\u00eas, (pouco tempo eu sei), o tempo poss\u00edvel. Durante este m\u00eas existiu muita coisa que poderia relatar, pois tudo para mim foi novidade. Estive na prov\u00edncia de Moxico, mais precisamente em Lwena, onde a minha fun\u00e7\u00e3o foi ensinar um pouco de portugu\u00eas a diferentes n\u00edveis, e dar alguma forma\u00e7\u00e3o a jovens animadores, que com o seu esp\u00edrito de ajuda d\u00e3o a conhecer aos mais novos tudo o que sabem.<\/p>\n<p>Vou relatar apenas uma das visitas a uma comunidade.<\/p>\n<p>A viagem por n\u00f3s realizada, a Mulalo, n\u00e3o era feita h\u00e1 j\u00e1 20 anos por um carro (no nosso caso jipe), pois s\u00e3o muito poucas as pessoas que t\u00eam carro, fazendo assim todo o percurso desejado a p\u00e9, independentemente da dist\u00e2ncia a percorrer. O objectivo do nosso p\u00e1roco mission\u00e1rio era celebrar a eucaristia e levar alguma comida (leite em p\u00f3, farinha), sementes, catanas e algum material agr\u00edcola de forma a tentar que a popula\u00e7\u00e3o inicie uma produ\u00e7\u00e3o, \u201cN\u00e3o dar o peixe, mas sim ensinar a pescar\u201d. Assim no final da distribui\u00e7\u00e3o, como \u00e9 habitual em qualquer viagem por n\u00f3s realizada, encontr\u00e1vamo-nos com o jipe bastante sujo de terra juntamente com algumas sementes, e um pouco de farinha. Pegamos num conjunto de ramos para varrer o ch\u00e3o do jipe. Qual n\u00e3o foi o meu espanto quando vi, que mal ca\u00edram para a terra \u201cesses restos de comida\u201d diversas crian\u00e7as desesperadamente, tentavam aproveitar essa pouca farinha, essas poucas sementes&#8230;&#8230;&#8230;<\/p>\n<p>A necessidade \u00e9 muita. <\/p>\n<p>Estas emo\u00e7\u00f5es s\u00e3o combatidas por outras tamb\u00e9m muito fortes. A calorosa forma como somos recebidos e desejados por todos os que nos recebem. O sorriso das crian\u00e7as quando brincamos com elas ou mesmo lhes fazemos uma simples sauda\u00e7\u00e3o. A forma como elas querem o nosso colo, o nosso carinho. A felicidade destas crian\u00e7as fica muito aqu\u00e9m da felicidade de algumas outras crian\u00e7as. Uma simples folha de papel e um l\u00e1pis na m\u00e3o de uma destas crian\u00e7as, j\u00e1 consegue trazer um sorriso.<\/p>\n<p>Existe um conjunto de emo\u00e7\u00f5es pelas quais passamos no nosso dia a dia.<\/p>\n<p>\u00c9 uma experi\u00eancia \u00fanica! N\u00e3o hesite em dar o pouco (ou muito) que tem, pois qualquer ajuda \u00e9 preciosa.<\/p>\n<p>Pois \u201cO oceano \u00e9 feito de pequenas gotas de \u00e1gua\u201d<\/p>\n<p>\u00a0<\/p>\n<p>Rita Pinho e Melo<\/p>\n","protected":false},"excerpt":{"rendered":"<p>Ajuda Mission\u00e1ria em Angola<\/p>\n","protected":false},"author":1,"featured_media":0,"comment_status":"open","ping_status":"open","sticky":false,"template":"","format":"standard","meta":{"footnotes":""},"categories":[65],"tags":[],"class_list":["post-109","post","type-post","status-publish","format-standard","hentry","category-linhas-directas"],"_links":{"self":[{"href":"https:\/\/sites.ecclesia.pt\/cv\/wp-json\/wp\/v2\/posts\/109","targetHints":{"allow":["GET"]}}],"collection":[{"href":"https:\/\/sites.ecclesia.pt\/cv\/wp-json\/wp\/v2\/posts"}],"about":[{"href":"https:\/\/sites.ecclesia.pt\/cv\/wp-json\/wp\/v2\/types\/post"}],"author":[{"embeddable":true,"href":"https:\/\/sites.ecclesia.pt\/cv\/wp-json\/wp\/v2\/users\/1"}],"replies":[{"embeddable":true,"href":"https:\/\/sites.ecclesia.pt\/cv\/wp-json\/wp\/v2\/comments?post=109"}],"version-history":[{"count":0,"href":"https:\/\/sites.ecclesia.pt\/cv\/wp-json\/wp\/v2\/posts\/109\/revisions"}],"wp:attachment":[{"href":"https:\/\/sites.ecclesia.pt\/cv\/wp-json\/wp\/v2\/media?parent=109"}],"wp:term":[{"taxonomy":"category","embeddable":true,"href":"https:\/\/sites.ecclesia.pt\/cv\/wp-json\/wp\/v2\/categories?post=109"},{"taxonomy":"post_tag","embeddable":true,"href":"https:\/\/sites.ecclesia.pt\/cv\/wp-json\/wp\/v2\/tags?post=109"}],"curies":[{"name":"wp","href":"https:\/\/api.w.org\/{rel}","templated":true}]}}