{"id":10986,"date":"2007-11-21T17:39:00","date_gmt":"2007-11-21T17:39:00","guid":{"rendered":"http:\/\/localhost:81\/wp1\/?p=10986"},"modified":"2007-11-21T17:39:00","modified_gmt":"2007-11-21T17:39:00","slug":"historia-bem-humorada-da-cadeira","status":"publish","type":"post","link":"https:\/\/sites.ecclesia.pt\/cv\/historia-bem-humorada-da-cadeira\/","title":{"rendered":"Hist\u00f3ria bem-humorada da cadeira"},"content":{"rendered":"<p>Teatro &#8220;SIT &#8211; Tricicle Clownic&#8221; <!--more--> A cadeira \u00e9 uma espectadora privilegiada em tratados de paz, suculentos banquetes, agrad\u00e1veis ser\u00f5es, divertid\u00edssimos espect\u00e1culos, duras senten\u00e7as, largas esperas e apaixonados namoricos. E \u00e9 tamb\u00e9m ponto de partida (e de chegada) do espect\u00e1culo \u201cSIT \u2013 Tricicle Clownic\u201d, que est\u00e1 no Teatro Aveirense no pr\u00f3ximo s\u00e1bado, 24, \u00e0s 21h30. Uma mescla entre o cinema mudo, o c\u00f3mico, o mimo e o teatro convencional faz desta \u201chist\u00f3ria da cadeira\u201d um espect\u00e1culo inigual\u00e1vel. O objectivo \u00e9 fazer rir a plateia, atrav\u00e9s de um humor subtil, simples, desinibido, surpreendente, entre o absurdo e a realidade \u2013 o que tem sido alcan\u00e7ado com grande reconhecimento do p\u00fablico e da cr\u00edtica. <\/p>\n<p>A Companhia Clownic Tricicle prov\u00e9m de Barcelona e desloca-se a Portugal para o espect\u00e1culo \u00fanico do Teatro Aveirense. Bilhetes de 10 (2\u00ba balc\u00e3o) a 15 euros (1\u00aa plateia).<\/p>\n","protected":false},"excerpt":{"rendered":"<p>Teatro &#8220;SIT &#8211; Tricicle Clownic&#8221;<\/p>\n","protected":false},"author":1,"featured_media":0,"comment_status":"open","ping_status":"open","sticky":false,"template":"","format":"standard","meta":{"footnotes":""},"categories":[66],"tags":[],"class_list":["post-10986","post","type-post","status-publish","format-standard","hentry","category-cultura"],"_links":{"self":[{"href":"https:\/\/sites.ecclesia.pt\/cv\/wp-json\/wp\/v2\/posts\/10986","targetHints":{"allow":["GET"]}}],"collection":[{"href":"https:\/\/sites.ecclesia.pt\/cv\/wp-json\/wp\/v2\/posts"}],"about":[{"href":"https:\/\/sites.ecclesia.pt\/cv\/wp-json\/wp\/v2\/types\/post"}],"author":[{"embeddable":true,"href":"https:\/\/sites.ecclesia.pt\/cv\/wp-json\/wp\/v2\/users\/1"}],"replies":[{"embeddable":true,"href":"https:\/\/sites.ecclesia.pt\/cv\/wp-json\/wp\/v2\/comments?post=10986"}],"version-history":[{"count":0,"href":"https:\/\/sites.ecclesia.pt\/cv\/wp-json\/wp\/v2\/posts\/10986\/revisions"}],"wp:attachment":[{"href":"https:\/\/sites.ecclesia.pt\/cv\/wp-json\/wp\/v2\/media?parent=10986"}],"wp:term":[{"taxonomy":"category","embeddable":true,"href":"https:\/\/sites.ecclesia.pt\/cv\/wp-json\/wp\/v2\/categories?post=10986"},{"taxonomy":"post_tag","embeddable":true,"href":"https:\/\/sites.ecclesia.pt\/cv\/wp-json\/wp\/v2\/tags?post=10986"}],"curies":[{"name":"wp","href":"https:\/\/api.w.org\/{rel}","templated":true}]}}