{"id":110,"date":"2006-04-03T14:44:00","date_gmt":"2006-04-03T14:44:00","guid":{"rendered":"http:\/\/localhost:81\/wp1\/?p=110"},"modified":"2006-04-03T14:44:00","modified_gmt":"2006-04-03T14:44:00","slug":"governo-nomeia-coordenador-religioso-das-cadeias","status":"publish","type":"post","link":"https:\/\/sites.ecclesia.pt\/cv\/governo-nomeia-coordenador-religioso-das-cadeias\/","title":{"rendered":"Governo nomeia coordenador religioso das cadeias"},"content":{"rendered":"<p>Por proposta da CEP <!--more--> &#8220;Ao  abrigo do disposto nos n.\u00bas 1 e 2 do artigo 13 do Decreto-Lei n\u00ba 79\/83, de 9 de Fevereiro, nomeio, para coordenador Nacional do Servi\u00e7o de Assist\u00eancia Religiosa aos Estabelecimentos Prisionais, o Reverendo Padre Jo\u00e3o Gon\u00e7alves, da Diocese de Aveiro, como proposto pela Confer\u00eancia Episcopal Portuguesa.(Jo\u00e3o Lu\u00eds Mota de Campos &#8211; Secret\u00e1rio de Estado Adjunto da Ministra da Justi\u00e7a, em substitui\u00e7\u00e3o)<\/p>\n<p>A not\u00edcia j\u00e1 foi dada no nosso jornal e se voltamos a ela \u00e9 porque na \u00faltima semana houve um encontro entre o respons\u00e1vel cessante, Padre D\u00e2maso, e o Padre Jo\u00e3o. E na presen\u00e7a de D. Jos\u00e9 Alves, respons\u00e1vel por este t\u00e3o importante sector, houve uma informal passagem de miss\u00e3o pastoral. <\/p>\n<p>O Padre D\u00e2maso, bem conhecido em todo o Pa\u00eds, informou do que se estava a fazer na sua \u00e1rea e o Padre Jo\u00e3o, agora, a coordenar  apresentar\u00e1, certamente, novas directrizes em universo t\u00e3o vasto e complexo.<\/p>\n<p>D. Jos\u00e9 Alves disse ao nosso Jornal que \u201cas cadeias s\u00e3o um mundo cheio de problemas. Pelo que vou conhecendo s\u00e3o casas onde gira muita ang\u00fastia em quem l\u00e1 est\u00e1 e em quem directamente lida com o universo prisional.\u201d Para este prelado, h\u00e1 for\u00e7as que criam climas dram\u00e1ticos, designadamente no quantitativo das pris\u00f5es, uma superlota\u00e7\u00e3o que n\u00e3o p\u00e1ra de crescer. \u00c9 preocupante esta situa\u00e7\u00e3o que mexe com muitas estruturas. \u00c9 um mundo subterr\u00e2neo por onde passa a cat\u00e1strofe da droga, aliciando os jovens e lan\u00e7ando, a maior parte, nas nossas cadeias\u201d \u2014 disse.<\/p>\n<p>O Presidente da Comiss\u00e3o Episcopal da Ac\u00e7\u00e3o Social e Caritativa aproveitou para evidenciar todo \u201cum trabalho v\u00e1lido, uma doa\u00e7\u00e3o permanente, de muitos anos, do Padre D\u00e2maso, a quem a Igreja em Portugal est\u00e1 muito grata\u201d. Teve, por outro lado, palavras encorajantes para com o seu sucessor, Padre Jo\u00e3o Gon\u00e7alves, \u201cum homem, um sacerdote, que j\u00e1 est\u00e1 muito por dentro dos problemas das cadeias e do sector social, um cora\u00e7\u00e3o muito generoso, todo voltado para os outros. Homem din\u00e2mico e organizado. A Igreja espera muito dele. Ele saber\u00e1 encontrar a equipa que o leve a coordenar, a n\u00edvel nacional, e a encontrar caminhos certos nesse submundo\u201d, afirmou D. Jos\u00e9 Alves.<\/p>\n","protected":false},"excerpt":{"rendered":"<p>Por proposta da CEP<\/p>\n","protected":false},"author":1,"featured_media":0,"comment_status":"open","ping_status":"open","sticky":false,"template":"","format":"standard","meta":{"footnotes":""},"categories":[64],"tags":[],"class_list":["post-110","post","type-post","status-publish","format-standard","hentry","category-geral"],"_links":{"self":[{"href":"https:\/\/sites.ecclesia.pt\/cv\/wp-json\/wp\/v2\/posts\/110","targetHints":{"allow":["GET"]}}],"collection":[{"href":"https:\/\/sites.ecclesia.pt\/cv\/wp-json\/wp\/v2\/posts"}],"about":[{"href":"https:\/\/sites.ecclesia.pt\/cv\/wp-json\/wp\/v2\/types\/post"}],"author":[{"embeddable":true,"href":"https:\/\/sites.ecclesia.pt\/cv\/wp-json\/wp\/v2\/users\/1"}],"replies":[{"embeddable":true,"href":"https:\/\/sites.ecclesia.pt\/cv\/wp-json\/wp\/v2\/comments?post=110"}],"version-history":[{"count":0,"href":"https:\/\/sites.ecclesia.pt\/cv\/wp-json\/wp\/v2\/posts\/110\/revisions"}],"wp:attachment":[{"href":"https:\/\/sites.ecclesia.pt\/cv\/wp-json\/wp\/v2\/media?parent=110"}],"wp:term":[{"taxonomy":"category","embeddable":true,"href":"https:\/\/sites.ecclesia.pt\/cv\/wp-json\/wp\/v2\/categories?post=110"},{"taxonomy":"post_tag","embeddable":true,"href":"https:\/\/sites.ecclesia.pt\/cv\/wp-json\/wp\/v2\/tags?post=110"}],"curies":[{"name":"wp","href":"https:\/\/api.w.org\/{rel}","templated":true}]}}