{"id":111,"date":"2006-04-03T14:44:00","date_gmt":"2006-04-03T14:44:00","guid":{"rendered":"http:\/\/localhost:81\/wp1\/?p=111"},"modified":"2006-04-03T14:44:00","modified_gmt":"2006-04-03T14:44:00","slug":"presidente-da-amria-exige-obras-de-regularizacao","status":"publish","type":"post","link":"https:\/\/sites.ecclesia.pt\/cv\/presidente-da-amria-exige-obras-de-regularizacao\/","title":{"rendered":"Presidente da AMRia exige obras de regulariza\u00e7\u00e3o"},"content":{"rendered":"<p>No Rio \u00c1gueda e na Pateira de Fermentelos <!--more--> Na inaugura\u00e7\u00e3o do Parque de Lazer da Senhora do Amparo, em Travass\u00f4 (\u00c1gueda), Ribau Esteves, presidente da AMRia &#8211; Associa\u00e7\u00e3o de Munic\u00edpios da Ria, apelou ao Governo para proceder, o mais rapidamente poss\u00edvel, \u201c\u00e0quilo que os outros Governos n\u00e3o fizeram: a regulariza\u00e7\u00e3o do rio \u00c1gueda e a despolui\u00e7\u00e3o e desassoreamento da pateira de Fermentelos\u201d.<\/p>\n<p>Este parque de lazer or\u00e7ou em 364.708 euros e foi financiada em 75 por cento por fundos comunit\u00e1rios, e em 25 por cento pela C\u00e2mara Municipal de \u00c1gueda, como autarquia associada da AMRia, entidade respons\u00e1vel pelo projecto.<\/p>\n<p>A cerim\u00f3nia de inaugura\u00e7\u00e3o foi presidida por Ribau Esteves, El\u00f3i Correia, Hor\u00e1cio Mar\u00e7al e M\u00e1rio Ramos Martins, presidentes da AMRia, C\u00e2mara Municipal de \u00c1gueda, Assembleia Municipal de \u00c1gueda e Junta de Freguesia de Travass\u00f4, respectivamente. De referir a participa\u00e7\u00e3o de mais de setecentos cicloturistas do \u201cTravass\u00f4 em Movimento\u201d.<\/p>\n","protected":false},"excerpt":{"rendered":"<p>No Rio \u00c1gueda e na Pateira de Fermentelos<\/p>\n","protected":false},"author":1,"featured_media":0,"comment_status":"open","ping_status":"open","sticky":false,"template":"","format":"standard","meta":{"footnotes":""},"categories":[45],"tags":[],"class_list":["post-111","post","type-post","status-publish","format-standard","hentry","category-regioes"],"_links":{"self":[{"href":"https:\/\/sites.ecclesia.pt\/cv\/wp-json\/wp\/v2\/posts\/111","targetHints":{"allow":["GET"]}}],"collection":[{"href":"https:\/\/sites.ecclesia.pt\/cv\/wp-json\/wp\/v2\/posts"}],"about":[{"href":"https:\/\/sites.ecclesia.pt\/cv\/wp-json\/wp\/v2\/types\/post"}],"author":[{"embeddable":true,"href":"https:\/\/sites.ecclesia.pt\/cv\/wp-json\/wp\/v2\/users\/1"}],"replies":[{"embeddable":true,"href":"https:\/\/sites.ecclesia.pt\/cv\/wp-json\/wp\/v2\/comments?post=111"}],"version-history":[{"count":0,"href":"https:\/\/sites.ecclesia.pt\/cv\/wp-json\/wp\/v2\/posts\/111\/revisions"}],"wp:attachment":[{"href":"https:\/\/sites.ecclesia.pt\/cv\/wp-json\/wp\/v2\/media?parent=111"}],"wp:term":[{"taxonomy":"category","embeddable":true,"href":"https:\/\/sites.ecclesia.pt\/cv\/wp-json\/wp\/v2\/categories?post=111"},{"taxonomy":"post_tag","embeddable":true,"href":"https:\/\/sites.ecclesia.pt\/cv\/wp-json\/wp\/v2\/tags?post=111"}],"curies":[{"name":"wp","href":"https:\/\/api.w.org\/{rel}","templated":true}]}}