{"id":11183,"date":"2008-04-09T12:18:00","date_gmt":"2008-04-09T12:18:00","guid":{"rendered":"http:\/\/localhost:81\/wp1\/?p=11183"},"modified":"2008-04-09T12:18:00","modified_gmt":"2008-04-09T12:18:00","slug":"concorrencia-cultural-e-positiva-para-o-teatro-aveirense-afirma-a-direccao","status":"publish","type":"post","link":"https:\/\/sites.ecclesia.pt\/cv\/concorrencia-cultural-e-positiva-para-o-teatro-aveirense-afirma-a-direccao\/","title":{"rendered":"Concorr\u00eancia cultural \u00e9 positiva para o Teatro Aveirense, afirma a direc\u00e7\u00e3o"},"content":{"rendered":"<p>A direc\u00e7\u00e3o do Teatro Aveirense (TA) v\u00ea com bons olhos a recente abertura do Centro Cultural de \u00cdlhavo e o dinamismo de outros p\u00f3los culturais pr\u00f3ximos, como \u00e9 o caso do Cine Teatro de Estarreja. Numa sess\u00e3o de apresenta\u00e7\u00e3o \u00e0 imprensa da programa\u00e7\u00e3o do segundo trimestre de 2008, Ana Figueira, programadora art\u00edstica, afirmou que \u201cquantos mais espa\u00e7os culturais houver, melhor\u201d, pois isso \u201cdinamizar\u00e1 a oferta cultural\u201d e permitir\u00e1 a \u201cforma\u00e7\u00e3o de novos p\u00fablicos\u201d. Por seu turno, Maria da Luz Nolasco, directora-geral do TA, considera positivo \u201csaber competir com intelig\u00eancia e com gest\u00e3o\u201d. As respons\u00e1veis da principal casa de espect\u00e1culos de Aveiro prev\u00eaem, no entanto, encontrar-se com os programadores dos espa\u00e7os de \u00cdlhavo e Estarreja, estando agendado um encontro com este \u00faltimo. Na agenda estar\u00e3o assuntos como a articula\u00e7\u00e3o das programa\u00e7\u00f5es, estando em aberto os procedimentos concretos. \u00c9 sabido que, por vezes, a vinda de um artista ou espect\u00e1culo a uma localidade abre a apet\u00eancia do p\u00fablico para o receber na noutra. Mas, noutras ocasi\u00f5es, o efeito \u00e9 contr\u00e1rio.<\/p>\n<p>Dos n\u00fameros apresentados no encontro com jornalistas, salienta-se que, no primeiro trimestre de 2008, o Teatro Aveirense teve 9.132 espectadores nas suas sess\u00f5es e uma receita de 79.052 euros, n\u00fameros que ficaram aqu\u00e9m de 2007 (11.003 espectadores e 85.505 euros) e que s\u00e3o claramente insuficientes para a autonomia financeira. Vale ao TA o subs\u00eddio da C\u00e2mara de Aveiro e a comparticipa\u00e7\u00e3o da Direc\u00e7\u00e3o-Geral de Espect\u00e1culos. Segundo Maria da Luz Nolasco, os n\u00fameros do primeiro trimestre n\u00e3o significam uma invers\u00e3o do crescimento sustentado dos \u00faltimos anos, mas s\u00e3o v\u00edtimas de uma P\u00e1scoa precoce no calend\u00e1rio. Na Semana Maior do cristianismo, n\u00e3o h\u00e1 espect\u00e1culos no Aveirense, apesar de, como refere a Rota da Luz, a cidade estar cheia de turistas espanh\u00f3is.<\/p>\n<p>Em termos de divulga\u00e7\u00e3o, o TA tem \u201cnova pol\u00edtica\u201d. Passa a editar uma agenda trimestral (a agenda da cidade \u201cViver Aveiro\u201d, anunciada com pompa em Junho de 2006, numa parceria entre C\u00e2mara, TA e Universidade de Aveiro, revelou-se um fracasso ap\u00f3s alguns n\u00fameros) e usa uma \u201chierarquia de elementos\u201d, que vai dos grandes formatos ao postal, para divulgar os seus espect\u00e1culos.<\/p>\n<p>J.P.F.<\/p>\n<p>Programa\u00e7\u00e3o do Teatro Aveirense<\/p>\n<p>Destaques para o segundo trimestre de 2008<\/p>\n<p>No dia 11 de Abril, a companhia Olga Roriz apresenta \u201cPara\u00edso\u201d, pe\u00e7a inspirada no musical americano.<\/p>\n<p>No dia 17 de Abril, Ant\u00f3nio Feiro, Bruno Nogueira, Jorge Mourato, Jos\u00e9 Pedro Gomes e Miguel Guilherme trazem a Aveiro \u201cOs melhores sketches dos Monty Python\u201d.<\/p>\n<p>Segue-se a m\u00fasica de Zeca Afonso interpretada pelos Steel Drumming. A forma\u00e7\u00e3o interpreta as m\u00fasicas do cantor de interven\u00e7\u00e3o em steelpans (tambores de metal originalmente oriundos de Trinidad e Tobago).<\/p>\n<p>Nos dias 2, 3 e 4 de Maio, est\u00e1 em cena a \u00f3pera \u201cFloresta\u201d, de Eurico Carrapatoso, baseada num conto de Sofia de Mello Breyner Andresen.<\/p>\n<p>No dia 12 seguinte, regressa a m\u00fasica de Zeca Afonso, desta vez pela voz da aveirense Jacinta, \u201cmelhor jovem artista de Jazz do continente europeu em 2007\u201d.<\/p>\n","protected":false},"excerpt":{"rendered":"<p>A direc\u00e7\u00e3o do Teatro Aveirense (TA) v\u00ea com bons olhos a recente abertura do Centro Cultural de \u00cdlhavo e o dinamismo de outros p\u00f3los culturais pr\u00f3ximos, como \u00e9 o caso do Cine Teatro de Estarreja. Numa sess\u00e3o de apresenta\u00e7\u00e3o \u00e0 imprensa da programa\u00e7\u00e3o do segundo trimestre de 2008, Ana Figueira, programadora art\u00edstica, afirmou que \u201cquantos [&hellip;]<\/p>\n","protected":false},"author":1,"featured_media":0,"comment_status":"open","ping_status":"open","sticky":false,"template":"","format":"standard","meta":{"footnotes":""},"categories":[66],"tags":[],"class_list":["post-11183","post","type-post","status-publish","format-standard","hentry","category-cultura"],"_links":{"self":[{"href":"https:\/\/sites.ecclesia.pt\/cv\/wp-json\/wp\/v2\/posts\/11183","targetHints":{"allow":["GET"]}}],"collection":[{"href":"https:\/\/sites.ecclesia.pt\/cv\/wp-json\/wp\/v2\/posts"}],"about":[{"href":"https:\/\/sites.ecclesia.pt\/cv\/wp-json\/wp\/v2\/types\/post"}],"author":[{"embeddable":true,"href":"https:\/\/sites.ecclesia.pt\/cv\/wp-json\/wp\/v2\/users\/1"}],"replies":[{"embeddable":true,"href":"https:\/\/sites.ecclesia.pt\/cv\/wp-json\/wp\/v2\/comments?post=11183"}],"version-history":[{"count":0,"href":"https:\/\/sites.ecclesia.pt\/cv\/wp-json\/wp\/v2\/posts\/11183\/revisions"}],"wp:attachment":[{"href":"https:\/\/sites.ecclesia.pt\/cv\/wp-json\/wp\/v2\/media?parent=11183"}],"wp:term":[{"taxonomy":"category","embeddable":true,"href":"https:\/\/sites.ecclesia.pt\/cv\/wp-json\/wp\/v2\/categories?post=11183"},{"taxonomy":"post_tag","embeddable":true,"href":"https:\/\/sites.ecclesia.pt\/cv\/wp-json\/wp\/v2\/tags?post=11183"}],"curies":[{"name":"wp","href":"https:\/\/api.w.org\/{rel}","templated":true}]}}