{"id":11184,"date":"2008-04-09T12:20:00","date_gmt":"2008-04-09T12:20:00","guid":{"rendered":"http:\/\/localhost:81\/wp1\/?p=11184"},"modified":"2008-04-09T12:20:00","modified_gmt":"2008-04-09T12:20:00","slug":"h2onews-a-fonte-das-suas-noticias","status":"publish","type":"post","link":"https:\/\/sites.ecclesia.pt\/cv\/h2onews-a-fonte-das-suas-noticias\/","title":{"rendered":"H2Onews, a fonte das suas not\u00edcias"},"content":{"rendered":"<p>MULTIM\u00c9DIA &#8211; http:\/\/www.h2onews.org <!--more--> Surgido recentemente na Internet (ver Correio do Vouga de 12 de Mar\u00e7o de 2008, p\u00e1g. 7), o s\u00edtio que vos apresento esta semana \u00e9 uma das mais recentes apostas em termos de servi\u00e7o de informa\u00e7\u00e3o cat\u00f3lica. O s\u00edtio H2Onews realiza, produz e distribui, todos os dias, not\u00edcias em formato \u00e1udio \/ v\u00eddeo e texto dispon\u00edveis em 8 l\u00ednguas sobre a vida da Igreja, sobre os acontecimentos sociais e culturais que se referem directamente \u00e0 vida dos cat\u00f3licos no mundo. Oferece ainda um servi\u00e7o inteiramente gratuito a televis\u00f5es, r\u00e1dios e s\u00edtios cat\u00f3licos, para que, conforme est\u00e1 escrito, \u201cas palavras do Papa e as not\u00edcias sobre a Igreja possam estar acess\u00edveis a todos aqueles que o desejarem\u201d.<\/p>\n<p>Este servi\u00e7o surgiu durante o congresso internacional de televis\u00f5es cat\u00f3licas em Madrid, que aconteceu em Outubro de 2006, e como resposta ao convite que o Papa Jo\u00e3o Paulo II fez na sua mensagem para o Dia Mundial das Comunica\u00e7\u00f5es Sociais de 2005 de se colocarem os meios de comunica\u00e7\u00e3o social ao servi\u00e7o da evangeliza\u00e7\u00e3o, da paz e do desenvolvimento dos povos.<\/p>\n<p>O servi\u00e7o H2Onews tem como objectivo \u201cresponder \u00e0s necessidades de crescimento da comunica\u00e7\u00e3o cat\u00f3lica de todo o mundo, atrav\u00e9s dos novos meios multimedi\u00e1ticos.\u201d A designa\u00e7\u00e3o H2O, conforme sabemos, \u00e9 a f\u00f3rmula qu\u00edmica da \u00e1gua, que \u00e9 fonte de vida, sendo que esta plataforma se apresenta como \u201cservi\u00e7o informativo que quer ser \u00e1gua, para cada utilizador: uma informa\u00e7\u00e3o renovadora, que brota da fonte pura do Evangelho.\u201d<\/p>\n<p>Quando entramos nesta plataforma digital e depois de seleccionarmos a l\u00edngua pretendida, temos um painel com informa\u00e7\u00f5es, not\u00edcias e destaques, desde v\u00eddeos (esta semana destacando a vida e obra do Papa Jo\u00e3o Paulo II) a outros artigos produzidos por este servi\u00e7o informativo. A qualidade dos produtos disponibilizados \u00e9 muito boa, primando-se por conte\u00fados de excel\u00eancia. \u00c9 certamente com s\u00edtios destes que a Igreja Cat\u00f3lica, enquanto institui\u00e7\u00e3o, demonstra a sua ades\u00e3o s\u00e9ria, concreta e empenhada \u00e0s novas tecnologias. Um bom exemplo a ser seguido certamente por outros organismos eclesiais.<\/p>\n<p>CLASSIFICA\u00c7\u00c3O (0-5): *****<\/p>\n<p>A MANTER: Actualiza\u00e7\u00f5es permanentes; Conte\u00fados excelentes; Diversidade de recursos multim\u00e9dia;<\/p>\n<p>A MUDAR: Alguma desorganiza\u00e7\u00e3o na estrutura informativa apresentada.  <\/p>\n<p>Fernando Cassola Marques<\/p>\n","protected":false},"excerpt":{"rendered":"<p>MULTIM\u00c9DIA &#8211; http:\/\/www.h2onews.org<\/p>\n","protected":false},"author":1,"featured_media":0,"comment_status":"open","ping_status":"open","sticky":false,"template":"","format":"standard","meta":{"footnotes":""},"categories":[66],"tags":[],"class_list":["post-11184","post","type-post","status-publish","format-standard","hentry","category-cultura"],"_links":{"self":[{"href":"https:\/\/sites.ecclesia.pt\/cv\/wp-json\/wp\/v2\/posts\/11184","targetHints":{"allow":["GET"]}}],"collection":[{"href":"https:\/\/sites.ecclesia.pt\/cv\/wp-json\/wp\/v2\/posts"}],"about":[{"href":"https:\/\/sites.ecclesia.pt\/cv\/wp-json\/wp\/v2\/types\/post"}],"author":[{"embeddable":true,"href":"https:\/\/sites.ecclesia.pt\/cv\/wp-json\/wp\/v2\/users\/1"}],"replies":[{"embeddable":true,"href":"https:\/\/sites.ecclesia.pt\/cv\/wp-json\/wp\/v2\/comments?post=11184"}],"version-history":[{"count":0,"href":"https:\/\/sites.ecclesia.pt\/cv\/wp-json\/wp\/v2\/posts\/11184\/revisions"}],"wp:attachment":[{"href":"https:\/\/sites.ecclesia.pt\/cv\/wp-json\/wp\/v2\/media?parent=11184"}],"wp:term":[{"taxonomy":"category","embeddable":true,"href":"https:\/\/sites.ecclesia.pt\/cv\/wp-json\/wp\/v2\/categories?post=11184"},{"taxonomy":"post_tag","embeddable":true,"href":"https:\/\/sites.ecclesia.pt\/cv\/wp-json\/wp\/v2\/tags?post=11184"}],"curies":[{"name":"wp","href":"https:\/\/api.w.org\/{rel}","templated":true}]}}