{"id":11185,"date":"2008-04-09T12:21:00","date_gmt":"2008-04-09T12:21:00","guid":{"rendered":"http:\/\/localhost:81\/wp1\/?p=11185"},"modified":"2008-04-09T12:21:00","modified_gmt":"2008-04-09T12:21:00","slug":"candidatura-de-aveiro-foi-aceite-na-rede-internacional-de-arte-nova","status":"publish","type":"post","link":"https:\/\/sites.ecclesia.pt\/cv\/candidatura-de-aveiro-foi-aceite-na-rede-internacional-de-arte-nova\/","title":{"rendered":"Candidatura de Aveiro foi aceite na Rede Internacional de Arte Nova"},"content":{"rendered":"<p>Foi aceite a candidatura de Aveiro \u00e0 \u201cReseau Art Nouveau Network\u201d \/ Rede Internacional de Arte Nova, apresentada pela C\u00e2mara Municipal de Aveiro e que refor\u00e7a a aposta da autarquia na promo\u00e7\u00e3o do seu patrim\u00f3nio arte nova.<\/p>\n<p>No \u00e2mbito dessa aposta est\u00e1 a elabora\u00e7\u00e3o da Estrat\u00e9gia Integrada de Salvaguarda e Promo\u00e7\u00e3o de Arte Nova em Aveiro, que compreende o projecto museol\u00f3gico do Museu Arte Nova e a Bolsa de Salvaguarda Arte Nova e o estabelecimento de parcerias nacionais e internacionais.<\/p>\n<p>No presente, esta rede internacional \u00e9 constitu\u00edda por 19 cidades e locais: Alesund, Bad Nauheim, Barcelona, Bruxelas, Budapeste, Glasgow, Hels\u00ednquia, La Chaux-de-Fonds, Habana, Ljubljana, Lodz, Nancy, Prov\u00edncia de Varese, Regi\u00e3o da Lombardia, Reus, Riga, Tbilisi, Terrassa e Viena.<\/p>\n<p>Nos objectivos da rede constam, entre outros, a realiza\u00e7\u00e3o de col\u00f3quios e exposi\u00e7\u00f5es, a edi\u00e7\u00e3o de material did\u00e1ctico sobre o movimento arte nova, a forma\u00e7\u00e3o de t\u00e9cnicos que trabalham directamente com a tem\u00e1tica arte nova em autarquias e museus e a investiga\u00e7\u00e3o sobre esse movimento.<\/p>\n<p>Com a sua ades\u00e3o a esta rede, a autarquia aveirense pretende captar fundos europeus para a cidade e investir na salvaguarda e promo\u00e7\u00e3o cultural da corrente arte nova, uma vez que esta rede elabora candidaturas concertadas a programas de financiamento europeus.<\/p>\n","protected":false},"excerpt":{"rendered":"<p>Foi aceite a candidatura de Aveiro \u00e0 \u201cReseau Art Nouveau Network\u201d \/ Rede Internacional de Arte Nova, apresentada pela C\u00e2mara Municipal de Aveiro e que refor\u00e7a a aposta da autarquia na promo\u00e7\u00e3o do seu patrim\u00f3nio arte nova. No \u00e2mbito dessa aposta est\u00e1 a elabora\u00e7\u00e3o da Estrat\u00e9gia Integrada de Salvaguarda e Promo\u00e7\u00e3o de Arte Nova em [&hellip;]<\/p>\n","protected":false},"author":1,"featured_media":0,"comment_status":"open","ping_status":"open","sticky":false,"template":"","format":"standard","meta":{"footnotes":""},"categories":[66],"tags":[],"class_list":["post-11185","post","type-post","status-publish","format-standard","hentry","category-cultura"],"_links":{"self":[{"href":"https:\/\/sites.ecclesia.pt\/cv\/wp-json\/wp\/v2\/posts\/11185","targetHints":{"allow":["GET"]}}],"collection":[{"href":"https:\/\/sites.ecclesia.pt\/cv\/wp-json\/wp\/v2\/posts"}],"about":[{"href":"https:\/\/sites.ecclesia.pt\/cv\/wp-json\/wp\/v2\/types\/post"}],"author":[{"embeddable":true,"href":"https:\/\/sites.ecclesia.pt\/cv\/wp-json\/wp\/v2\/users\/1"}],"replies":[{"embeddable":true,"href":"https:\/\/sites.ecclesia.pt\/cv\/wp-json\/wp\/v2\/comments?post=11185"}],"version-history":[{"count":0,"href":"https:\/\/sites.ecclesia.pt\/cv\/wp-json\/wp\/v2\/posts\/11185\/revisions"}],"wp:attachment":[{"href":"https:\/\/sites.ecclesia.pt\/cv\/wp-json\/wp\/v2\/media?parent=11185"}],"wp:term":[{"taxonomy":"category","embeddable":true,"href":"https:\/\/sites.ecclesia.pt\/cv\/wp-json\/wp\/v2\/categories?post=11185"},{"taxonomy":"post_tag","embeddable":true,"href":"https:\/\/sites.ecclesia.pt\/cv\/wp-json\/wp\/v2\/tags?post=11185"}],"curies":[{"name":"wp","href":"https:\/\/api.w.org\/{rel}","templated":true}]}}