{"id":11186,"date":"2008-04-09T12:22:00","date_gmt":"2008-04-09T12:22:00","guid":{"rendered":"http:\/\/localhost:81\/wp1\/?p=11186"},"modified":"2008-04-09T12:22:00","modified_gmt":"2008-04-09T12:22:00","slug":"grupo-mao-morta-apresenta-maldoror-em-estarreja","status":"publish","type":"post","link":"https:\/\/sites.ecclesia.pt\/cv\/grupo-mao-morta-apresenta-maldoror-em-estarreja\/","title":{"rendered":"Grupo M\u00e3o Morta apresenta &#8220;Maldoror&#8221; em Estarreja"},"content":{"rendered":"<p>O FesTeatro, festival de teatro que est\u00e1 a decorrer no Cine Teatro de Estarreja (CTE), apresenta, no dia 12 de Abril, a pe\u00e7a \u201cMaldoror\u201d, do grupo M\u00e3o Morta. A obra define-se como \u201cum concerto encenado, ou uma pe\u00e7a de teatro musicada\u201d. A partir da obra-prima liter\u00e1ria de Conde de Lautr\u00e9amont, o grupo oriundo de Braga gerou uma das mais aclamadas produ\u00e7\u00f5es nacionais de 2007.<\/p>\n<p>No dia 19 de Abril, \u00faltimo dia do Festeatro, a companhia Trigo Limpo Teatro Acert apresenta dois trabalhos: a sua mais recente cria\u00e7\u00e3o teatral \u201cChovem Amores na Rua do Matador\u201d, na sala principal, e a \u201cA Cor da L\u00edngua\u201d, no Bar CTE. <\/p>\n<p>\u201cChovem Amores na Rua do Matador\u201d surge a quatro m\u00e3os, temperado pela cumplicidade de dois grandes autores \u2013 Mia Couto e Jos\u00e9 Eduardo Agualusa \u2013 a quem o Trigo Limpo Teatro Acert lan\u00e7ou este desafio. \u201cA Cor da L\u00edngua\u201d \u00e9 um espect\u00e1culo que constr\u00f3i pontes entre diversos escritores lus\u00f3fonos, num carrossel m\u00e1gico onde as sonoridades rodopiantes se mesclam com as letras que mais nos seduzem.<\/p>\n","protected":false},"excerpt":{"rendered":"<p>O FesTeatro, festival de teatro que est\u00e1 a decorrer no Cine Teatro de Estarreja (CTE), apresenta, no dia 12 de Abril, a pe\u00e7a \u201cMaldoror\u201d, do grupo M\u00e3o Morta. A obra define-se como \u201cum concerto encenado, ou uma pe\u00e7a de teatro musicada\u201d. A partir da obra-prima liter\u00e1ria de Conde de Lautr\u00e9amont, o grupo oriundo de Braga [&hellip;]<\/p>\n","protected":false},"author":1,"featured_media":0,"comment_status":"open","ping_status":"open","sticky":false,"template":"","format":"standard","meta":{"footnotes":""},"categories":[66],"tags":[],"class_list":["post-11186","post","type-post","status-publish","format-standard","hentry","category-cultura"],"_links":{"self":[{"href":"https:\/\/sites.ecclesia.pt\/cv\/wp-json\/wp\/v2\/posts\/11186","targetHints":{"allow":["GET"]}}],"collection":[{"href":"https:\/\/sites.ecclesia.pt\/cv\/wp-json\/wp\/v2\/posts"}],"about":[{"href":"https:\/\/sites.ecclesia.pt\/cv\/wp-json\/wp\/v2\/types\/post"}],"author":[{"embeddable":true,"href":"https:\/\/sites.ecclesia.pt\/cv\/wp-json\/wp\/v2\/users\/1"}],"replies":[{"embeddable":true,"href":"https:\/\/sites.ecclesia.pt\/cv\/wp-json\/wp\/v2\/comments?post=11186"}],"version-history":[{"count":0,"href":"https:\/\/sites.ecclesia.pt\/cv\/wp-json\/wp\/v2\/posts\/11186\/revisions"}],"wp:attachment":[{"href":"https:\/\/sites.ecclesia.pt\/cv\/wp-json\/wp\/v2\/media?parent=11186"}],"wp:term":[{"taxonomy":"category","embeddable":true,"href":"https:\/\/sites.ecclesia.pt\/cv\/wp-json\/wp\/v2\/categories?post=11186"},{"taxonomy":"post_tag","embeddable":true,"href":"https:\/\/sites.ecclesia.pt\/cv\/wp-json\/wp\/v2\/tags?post=11186"}],"curies":[{"name":"wp","href":"https:\/\/api.w.org\/{rel}","templated":true}]}}