{"id":11187,"date":"2008-04-09T14:39:00","date_gmt":"2008-04-09T14:39:00","guid":{"rendered":"http:\/\/localhost:81\/wp1\/?p=11187"},"modified":"2008-04-09T14:39:00","modified_gmt":"2008-04-09T14:39:00","slug":"quatro-notaveis-aveirenses-na-missionacao-na-insulindia-timor-solor-flores","status":"publish","type":"post","link":"https:\/\/sites.ecclesia.pt\/cv\/quatro-notaveis-aveirenses-na-missionacao-na-insulindia-timor-solor-flores\/","title":{"rendered":"Quatro not\u00e1veis aveirenses na missiona\u00e7\u00e3o na insul\u00edndia (Timor, Solor, Flores)"},"content":{"rendered":"<p>DOM CARLOS FILIPE XIMENES BELO<\/p>\n<p>Bispo Tit. de Lorium e Administrador Apost\u00f3lico Em\u00e9rito de Dili-Timor Leste<\/p>\n<p>No dia 13 de Abril, IV Domingo da P\u00e1scoa, ocorre o 45\u00ba Dia Mundial das Voca\u00e7\u00f5es. A este prop\u00f3sito, tomo a liberdade de apresentar aos leitores do \u201cCorreio de Vouga\u201d uns breves tra\u00e7os de quatro benem\u00e9ritos filhos do Distrito de Aveiro, que, no s\u00e9culo XVI, XVII e XIX, contribu\u00edram de maneira especial para a evangeliza\u00e7\u00e3o nas Ilhas de Timor, Solor e Flores. <\/p>\n<p>1.\u00ba \u2013 Dom Frei Jorge de Santa Luzia, O.P. Foi o primeiro Bispo da nova Diocese de Malaca (1558-1576). Natural de Aveiro e filho do real convento de Nossa Senhora da Miseric\u00f3rdia, foi sagrado Bispo em Lisboa em 1558. No ano seguinte, partiu para Goa, onde se demorou por catorze meses, assumindo o cargo de Governador do Arcebispado. Tendo chegado a Malaca nos princ\u00edpios de 1560 e ouvindo dizer que nas Ilhas do Sul havia n\u00facleos dispersos de crist\u00e3os, Dom Jorge de Santa Luzia mandou um primeiro grupo de quatro dominicanos a fundar a Miss\u00e3o de Solor. Durante mais de cinquenta anos, Solor foi a sede de todas as miss\u00f5es da Insul\u00edndia. Depois de anos de trabalhos e canseiras, Dom Jorge de Santa Luzia pediu a resigna\u00e7\u00e3o ao Papa Greg\u00f3rio XIII, e foi viver para Goa como um simples frade. Segundo o Agiol\u00f3gio Lusitano, o primeiro bispo de Malaca, teria falecido no dia 18 de Janeiro de 1578. Foi sepultado no cemit\u00e9rio comum, \u201ccomo ele ordenara e pedira na sua vida, querendo imitar a humildade de seu grande patriarcha\u201d (S\u00e3o Domingos de Gusm\u00e3o).<\/p>\n<p>2.\u00ba &#8211; Dom Frei Miguel Rangel, O.P. Foi grande organizador de miss\u00f5es e restaurador da fortaleza de Solor. Era natural de Aveiro, e professou no convento dominicano dessa cidade, no dia 18 de Outubro de 1589. No convento de Nossa Senhora da Miseric\u00f3rdia, Frei Miguel Rangel foi lente da Sagrada Escritura. No convento dominicano de Benfica, exerceu o cargo de Mestre de Novi\u00e7os. Em 1614, partiu para Goa, onde exerceu o cargo de Vig\u00e1rio geral da Congrega\u00e7\u00e3o da \u00cdndia, prior do convento de S\u00e3o Domingos e Comiss\u00e1rio do Santo Of\u00edcio. Em 1624, encontrava-se em Portugal recrutando mission\u00e1rios para Solor e Timor. Em 1628, partiu de Malaca para Solor, levando consigo doze dominicanos, que foram posteriormente distribu\u00eddos por diversas ilhas (Adonara, Flores, Ende, Solor). Mais tarde, dois desses dominicanos exerceriam a ac\u00e7\u00e3o mission\u00e1ria em Timor: Frei Ant\u00f3nio de S\u00e3o Jacinto, que se tornou c\u00e9lebre pela convers\u00e3o ao cristianismo de v\u00e1rios reis e rainhas e a sua sujei\u00e7\u00e3o \u00e0 coroa portuguesa. \u00c9 considerado um dos ap\u00f3stolos de Timor. Outro dominicano, foi o padre fr. Crist\u00f3v\u00e3o Rangel, que missionou no reino Silawan (no norte da Ilha de Timor). Como se disse, Frei Miguel Rangel, com a ajuda das autoridades de Macau e Malaca, reconstruiu a fortaleza que tinha sido atacada e destru\u00edda pelos holandeses em 1613. Ele foi Vig\u00e1rio geral das Cristandades e permaneceu em Solor at\u00e9 ao ano de 1632, ano em que foi nomeado, pelo Rei de Portugal, Bispo de Cochim. Depois de ter sido confirmado pelo Papa, partiu para a sua nova diocese e ali permaneceu at\u00e9 a hora da morte, ocorrida a 14 de Setembro de 1646.Hoje, Dom Frei Miguel Rangel \u00e9 lembrado pelos cidad\u00e3os e crist\u00e3os de cidade de Larantuca (Flores), porque a Diocese decidiu dedicar-lhe a rua principal que d\u00e1 para o pa\u00e7o episcopal. Chama-se, na l\u00edngua indon\u00e9sia: \u201cJalan Mgr. Miguel Rangel\u201d, isto \u00e9, \u201cRua Dom Miguel Rangel\u201d.<\/p>\n<p>3.\u00ba Frei Jos\u00e9 da Anuncia\u00e7\u00e3o Gouveia, O.P. (1798-1822). Nasceu em Salreu, Diocese de Aveiro, no ano de 1757. Fez o noviciado no convento dominicano da Batalha. Em 1772, foi enviado para as Miss\u00f5es do Oriente, juntamente com outros onze religiosos dominicanos. Foi ordenado sacerdote pelo Arcebispo de Goa. No Convento dominicano foi lente de Filosofia e de Teologia. Na opini\u00e3o de Santa Catarina, Frei Jos\u00e9 da Anuncia\u00e7\u00e3o \u201cera o melhor elemento que os Dominicanos tinham em Goa\u201d. Com apenas 22 anos de idade, foi enviado para as Miss\u00f5es de Timor e, mais tarde, seria nomeado Governador do Bispado de Malaca, com resid\u00eancia em Dili (Timor). Decorria o ano de 1798. O vice-rei da \u00cdndia, D. Bernardo Jos\u00e9 Maria de Lorena, 5\u00ba Conde de Sarzedas, nas suas Instru\u00e7\u00f5es ao Governador de Timor e Solor, Capit\u00e3o Vitorino Freire da Cunha Gusm\u00e3o, deu esta informa\u00e7\u00e3o acerca do Padre Fr. Jos\u00e9 da Anuncia\u00e7\u00e3o: \u201cUm padre exemplar, de boa conduta e amigo do povo\u201d. Em 1810, o ent\u00e3o Governador do Bispado foi nomeado Governador interino de Timor e Solor, sucedendo ao Governador Bernardo Pessoa. Foi um governador do Bispado que viveu o drama da diminui\u00e7\u00e3o dos dominicanos em Timor e em Solor. Pois, em 1801, os dominicanos em Timor eram apenas cinco, e em 1811, era ele o \u00fanico padre em Timor. Em 1822, regressou a Portugal.<\/p>\n<p>4.\u00ba Frei Ant\u00f3nio da Cruz, O.P. Era filho do real convento de Nossa Senhora da Miseric\u00f3rdia de Aveiro. Partiu para Goa, em 1559, na companhia do Bispo Dom frei Jorge de Santa Luzia. Foi o fundador da primeira Miss\u00e3o de Solor, em 1562, e construtor da fortaleza, em 1566. Em Solor construiu as igrejas de Nossa Senhora da Piedade e de S\u00e3o Jo\u00e3o Baptista, e fundou um semin\u00e1rio menor, onde se ensinava a ler, escrever, contar e aprender o latim. Depois de um longo e frutuoso apostolado, Frei Ant\u00f3nio da Cruz faleceu em Solor no dia 17 de Fevereiro de 1590, em odor de santidade. No seu livro \u201cEthiopia Oriental\u201d, Frei Jo\u00e3o dos Santos afirma: \u201cO Padre Frei Ant\u00f3nio da Cruz, que fundou esta christandade, o qual \u00e9 tido por santo, e dizem que fez alguns milagres.\u201d Outro cronista dominicano escreve, em 1679: \u201cO padre Frey Ant\u00f3nio, por sua inculp\u00e1vel vida e virtudes acreditadas com milagres&#8230;\u201d<\/p>\n<p>No s\u00e9culo XVIII, os Dominicanos fundaram dois semin\u00e1rios em Timor: um em Oe-Cusse (1739) e outro em Manatuto (1746). N\u00e3o dispomos de dados relativos aos sacerdotes sa\u00eddos daquelas duas institui\u00e7\u00f5es. Hoje (2008), o Semin\u00e1rio Maior de Dili, fundado em 2000, tem 47 estudantes de Filosofia e Teologia. O Semin\u00e1rio, fundado em 1936, tem 200 alunos. O n\u00famero de Padres nativos, timorenses, \u00e9 de 140, entre diocesanos e membros de Ordens e Congrega\u00e7\u00f5es religiosas. Tudo isso \u00e9 fruto do trabalho incans\u00e1vel de mission\u00e1rios portugueses, a\u00e7oreanos, goeses, italianos e espanh\u00f3is e filipinos. E os Timorenses querem corresponder a t\u00e3o grande generosidade e sacrif\u00edcio. Por isso, come\u00e7a a haver mission\u00e1rios timorenses na Indon\u00e9sia, Argentina, Brasil, Mo\u00e7ambique, Egipto, Papua Nova Guin\u00e9, Taiwan&#8230; E, ao escrever esta cr\u00f3nica, presto homenagem aos sacerdotes que continuam a ajudar as Miss\u00f5es de Timor, incluindo os da Diocese de Aveiro. A todos, obrigado e bem-hajam!<\/p>\n<p>Os nomes destes quatro dominicanos aveirenses ficar\u00e3o sempre ligados \u00e0 evangeliza\u00e7\u00e3o de Timor. Que, neste Dia Mundial de Voca\u00e7\u00f5es, o Senhor continue a chamar Jovens aveirenses para a Sua Messe, quer em Portugal quer no Mundo.<\/p>\n<p>Mogofores, 28 de Mar\u00e7o de 2008.<\/p>\n","protected":false},"excerpt":{"rendered":"<p>DOM CARLOS FILIPE XIMENES BELO Bispo Tit. de Lorium e Administrador Apost\u00f3lico Em\u00e9rito de Dili-Timor Leste No dia 13 de Abril, IV Domingo da P\u00e1scoa, ocorre o 45\u00ba Dia Mundial das Voca\u00e7\u00f5es. A este prop\u00f3sito, tomo a liberdade de apresentar aos leitores do \u201cCorreio de Vouga\u201d uns breves tra\u00e7os de quatro benem\u00e9ritos filhos do Distrito [&hellip;]<\/p>\n","protected":false},"author":1,"featured_media":0,"comment_status":"open","ping_status":"open","sticky":false,"template":"","format":"standard","meta":{"footnotes":""},"categories":[38],"tags":[],"class_list":["post-11187","post","type-post","status-publish","format-standard","hentry","category-destaque"],"_links":{"self":[{"href":"https:\/\/sites.ecclesia.pt\/cv\/wp-json\/wp\/v2\/posts\/11187","targetHints":{"allow":["GET"]}}],"collection":[{"href":"https:\/\/sites.ecclesia.pt\/cv\/wp-json\/wp\/v2\/posts"}],"about":[{"href":"https:\/\/sites.ecclesia.pt\/cv\/wp-json\/wp\/v2\/types\/post"}],"author":[{"embeddable":true,"href":"https:\/\/sites.ecclesia.pt\/cv\/wp-json\/wp\/v2\/users\/1"}],"replies":[{"embeddable":true,"href":"https:\/\/sites.ecclesia.pt\/cv\/wp-json\/wp\/v2\/comments?post=11187"}],"version-history":[{"count":0,"href":"https:\/\/sites.ecclesia.pt\/cv\/wp-json\/wp\/v2\/posts\/11187\/revisions"}],"wp:attachment":[{"href":"https:\/\/sites.ecclesia.pt\/cv\/wp-json\/wp\/v2\/media?parent=11187"}],"wp:term":[{"taxonomy":"category","embeddable":true,"href":"https:\/\/sites.ecclesia.pt\/cv\/wp-json\/wp\/v2\/categories?post=11187"},{"taxonomy":"post_tag","embeddable":true,"href":"https:\/\/sites.ecclesia.pt\/cv\/wp-json\/wp\/v2\/tags?post=11187"}],"curies":[{"name":"wp","href":"https:\/\/api.w.org\/{rel}","templated":true}]}}