{"id":11188,"date":"2008-04-09T14:45:00","date_gmt":"2008-04-09T14:45:00","guid":{"rendered":"http:\/\/localhost:81\/wp1\/?p=11188"},"modified":"2008-04-09T14:45:00","modified_gmt":"2008-04-09T14:45:00","slug":"nesta-pagina-enfadonha","status":"publish","type":"post","link":"https:\/\/sites.ecclesia.pt\/cv\/nesta-pagina-enfadonha\/","title":{"rendered":"Nesta p\u00e1gina enfadonha"},"content":{"rendered":"<p>Hoje foi a gota de \u00e1gua! Nem sei por onde come\u00e7ar: se por esta p\u00e1gina enfadonha que tenho de escrever TODOS OS DIAS, se pela mudan\u00e7a de lugar na sala, se pela FM; ou ent\u00e3o pelo DT, que me enerva todos os dias. <\/p>\n<p>\u2026 <\/p>\n<p>O DT mudou-me para uma carteira da frente. Para estar mais atento. Seca! L\u00e1 atr\u00e1s, ningu\u00e9m percebia que eu mandava toques de telem\u00f3vel. Quando tiver testes, como \u00e9 que vou receber os sms com as respostas? (Ainda por cima, nas f\u00e9rias da P\u00e1scoa, uns espertinhos divulgaram alguns segredos da popula\u00e7\u00e3o estudantil. Grave: tornaram-se her\u00f3is nacionais, quando eu j\u00e1 o era h\u00e1 muito!) Depois, tive mais uma FM. Ok, n\u00e3o tinha levado o livro. Mas\u2026 passei-me, quando o DT disse que dev\u00edamos estar gratos (j\u00e1 ningu\u00e9m fala assim!) por termos material escolar, porque na Lib\u00e9ria, por exemplo, s\u00f3 h\u00e1 um livro para 27 alunos. Mas\u2026 s\u00f3 eu n\u00e3o tinha livro, portanto, havia 26 livros na minha sala! (Onde \u00e9 que \u00e9 a Lib\u00e9ria? Vou para l\u00e1!)<\/p>\n<p>Bem, a aula continuou. O DT tinha levado um endere\u00e7o do youtube (ah!!! Ouviram algum alarido nas tv? N\u00e3o! S\u00f3 se preocupam com as asneiras!), e vimos um v\u00eddeo feito em Mo\u00e7ambique, para incentivar as crian\u00e7as a irem \u00e0 escola. Tudo isto a prop\u00f3sito da \u201cCampanha global pela educa\u00e7\u00e3o \u2013 mais educa\u00e7\u00e3o, menos exclus\u00e3o\u201d, da Semana de Ac\u00e7\u00e3o Global pela Educa\u00e7\u00e3o. A minha turma vai participar na Maior Aula do Mundo, no dia 23 de Abril. O DT diz que esta aula vai acontecer em mais de 85 pa\u00edses. Fixe! Mas o T\u00f3p\u00ea come\u00e7ou a falar alto, a dizer que a vida dos outros n\u00e3o lhe interessa para nada. E que n\u00e3o \u00e9 o DT que lhe vai dizer que h\u00e1 pessoas que vivem mal. (Os pais do T\u00f3p\u00ea est\u00e3o desempregados, ele at\u00e9 leva para casa as sobras da cantina. Foi ele que me disse. Mais ningu\u00e9m sabe.) Depois, deitou a cabe\u00e7a na carteira e p\u00f4s-se a ouvir m\u00fasica. O DT foi ao p\u00e9 dele; pediu-lhe que desligasse o MP3. O T\u00f3p\u00ea n\u00e3o lhe ligou. O DT sentou-se e esperou. Nestas alturas, o T\u00f3p\u00ea explode. Se fosse eu, tinha aguentado at\u00e9 ao final da aula, e n\u00e3o tinha feito o que o DT pediu. Mas ele acabou por desligar o MP3 (Foi o namorado da irm\u00e3 que lho deu.) e arrumou-o. O DT retomou a aula. <\/p>\n<p>Fizemos trabalhos de pares. Fiquei com a Joela (t\u00e3o gira, simp\u00e1tica e bem disposta\u2026). Os pais est\u00e3o desempregados, ela tamb\u00e9m leva o jantar para casa. Mas parece que a vida lhe corre \u00e0s mil maravilhas! Acho que \u00e9 por isso que o T\u00f3p\u00ea est\u00e1 sempre a implicar com ela. Ainda por cima, estuda muito e vai aos apoios e aos Clubes! Ela trabalhou, eu olhei para ela, de soslaio. N\u00e3o quero que perceba! Quando apresent\u00e1mos o trabalho, eu n\u00e3o disse nada. O DT comentou baixinho \u201cXavier, fico t\u00e3o triste, quando n\u00e3o p\u00f5es o teu potencial a render.\u201d Seca! Acho que a Joela ouviu!<\/p>\n<p>A aula estava mesmo a acabar, faltavam 5 minutos: o DT tinha visto um filme e queria fazer o mesmo que a Prof. do filme \u2013 deu-nos um caderno a cada um e disse-nos que TODOS OS DIAS \u2013 passou-se! Tenho mais que fazer TODOS OS DIAS! \u2013 dev\u00edamos escrever qualquer coisa: uma esp\u00e9cie de di\u00e1rio, um poema, a hist\u00f3ria da nossa vida, uma letra de uma can\u00e7\u00e3o. Sim! \u2018T\u00e1-se mesmo a ver!<\/p>\n<p>Este DT \u00e9 estranho! Leva filmes com turmas rebeldes e com profs que os conseguem conquistar; m\u00fa-sicas com montes de mensagens, livros sobre pessoas que vivem em tempos de guerra! Noutro dia, a Filipa disse-lhe que s\u00f3 mudamos de atitude se quisermos. N\u00e3o \u00e9 por vermos filmes ou lermos livros. Mas o DT n\u00e3o lhe ligou nada!<\/p>\n<p>Ele nem pense que lhe mostro este caderno. \u00c9 mesmo tot\u00f3, se pensa que algu\u00e9m vai escrever! O pior \u00e9 que \u00e9 bem capaz de dizer aos nossos pais que nos deu esta tarefa! Esque\u00e7a! Os meus n\u00e3o ligam! Nem sabem em que turma estou. \u00c0s vezes, nem dizemos \u201cBom dia. Boa noite\u201d! Nem me querem ouvir falar do T\u00f3p\u00ea e da Joela. Com o DT \u00e9 diferente: irrito-me com ele. J\u00e1 lhe gritei e sou muito mal-educado com ele. Mas o que \u00e9 certo \u00e9 que ele me conhece e\u2026 j\u00e1 adivinhou aquilo da Joela. Uma vez, o DT disse que estamos mais pr\u00f3ximos dos profs que dos pais! Esque\u00e7a!<\/p>\n<p>31 de Mar\u00e7o de 2008<\/p>\n<p>DT \u2013 Director de Turma; FM \u2013 falta de material; http:\/\/www.educacao paratodos.org\/playlist.html; Filme: \u201cFreedom writers\u201d<\/p>\n","protected":false},"excerpt":{"rendered":"<p>Hoje foi a gota de \u00e1gua! Nem sei por onde come\u00e7ar: se por esta p\u00e1gina enfadonha que tenho de escrever TODOS OS DIAS, se pela mudan\u00e7a de lugar na sala, se pela FM; ou ent\u00e3o pelo DT, que me enerva todos os dias. \u2026 O DT mudou-me para uma carteira da frente. Para estar mais [&hellip;]<\/p>\n","protected":false},"author":1,"featured_media":0,"comment_status":"open","ping_status":"open","sticky":false,"template":"","format":"standard","meta":{"footnotes":""},"categories":[62],"tags":[],"class_list":["post-11188","post","type-post","status-publish","format-standard","hentry","category-opiniao"],"_links":{"self":[{"href":"https:\/\/sites.ecclesia.pt\/cv\/wp-json\/wp\/v2\/posts\/11188","targetHints":{"allow":["GET"]}}],"collection":[{"href":"https:\/\/sites.ecclesia.pt\/cv\/wp-json\/wp\/v2\/posts"}],"about":[{"href":"https:\/\/sites.ecclesia.pt\/cv\/wp-json\/wp\/v2\/types\/post"}],"author":[{"embeddable":true,"href":"https:\/\/sites.ecclesia.pt\/cv\/wp-json\/wp\/v2\/users\/1"}],"replies":[{"embeddable":true,"href":"https:\/\/sites.ecclesia.pt\/cv\/wp-json\/wp\/v2\/comments?post=11188"}],"version-history":[{"count":0,"href":"https:\/\/sites.ecclesia.pt\/cv\/wp-json\/wp\/v2\/posts\/11188\/revisions"}],"wp:attachment":[{"href":"https:\/\/sites.ecclesia.pt\/cv\/wp-json\/wp\/v2\/media?parent=11188"}],"wp:term":[{"taxonomy":"category","embeddable":true,"href":"https:\/\/sites.ecclesia.pt\/cv\/wp-json\/wp\/v2\/categories?post=11188"},{"taxonomy":"post_tag","embeddable":true,"href":"https:\/\/sites.ecclesia.pt\/cv\/wp-json\/wp\/v2\/tags?post=11188"}],"curies":[{"name":"wp","href":"https:\/\/api.w.org\/{rel}","templated":true}]}}