{"id":11190,"date":"2008-04-09T14:47:00","date_gmt":"2008-04-09T14:47:00","guid":{"rendered":"http:\/\/localhost:81\/wp1\/?p=11190"},"modified":"2008-04-09T14:47:00","modified_gmt":"2008-04-09T14:47:00","slug":"loret-del-mar-e-outros-rumos-menos-famosos","status":"publish","type":"post","link":"https:\/\/sites.ecclesia.pt\/cv\/loret-del-mar-e-outros-rumos-menos-famosos\/","title":{"rendered":"Loret del Mar e outros rumos menos famosos"},"content":{"rendered":"<p>Uma pedrada por semana <!--more--> 5 mil finalistas do ensino secund\u00e1rio rumaram, mais uma vez, a Loret del Mar, para festejar, dizem eles, o seu fim de curso, que nem sequer sabem ainda se v\u00e3o concluir. Em anos anteriores, muitos portaram-se por l\u00e1 muito mal. Como a gente que os recebe j\u00e1 se vai habituando e n\u00e3o quer perder freguesia, os jornais e revistas s\u00f3 falam de bebedeiras valentes que levaram a urg\u00eancias de hospitais. Nas entrelinhas e pelas fotografias se pode ver o que significa para muitos jovens, rapazes e raparigas, uma liberdade sem limites. Ali\u00e1s, alguns confessam que os seus pais n\u00e3o estabeleceram \u201cnem limites nem condi\u00e7\u00f5es\u201d.<\/p>\n<p>Tudo isto nos faz pensar nos resultados \u00e0 vista de 12 anos de educa\u00e7\u00e3o escolar, onde o pa\u00eds investiu muito, que ficou a fazer falta noutros campos a descoberto.<\/p>\n<p>Em menor n\u00famero, \u00e9 certo, soube da partida de estudantes finalistas, que em grupo partiram para mais perto e fizeram desses dias dias de conv\u00edvio e de enriquecimento concreto de v\u00e1ria ordem. E, de escolas ligadas \u00e0 Igreja, outros grupos partiram partilhando f\u00e9rias com jovens de pa\u00edses lus\u00f3fonos em actividades de solidariedade.<\/p>\n<p>O confronto convence. Ser livre \u00e9 ser capaz de escolher o que vale mais e ter capacidade de utilizar rectamente a cabe\u00e7a, o cora\u00e7\u00e3o, o tempo dispon\u00edvel. Mas n\u00e3o \u00e9 precisamente miss\u00e3o da escola ajudar a formar pessoas livres?<\/p>\n<p>Ant\u00f3nio Marcelino<\/p>\n","protected":false},"excerpt":{"rendered":"<p>Uma pedrada por semana<\/p>\n","protected":false},"author":1,"featured_media":0,"comment_status":"open","ping_status":"open","sticky":false,"template":"","format":"standard","meta":{"footnotes":""},"categories":[62],"tags":[],"class_list":["post-11190","post","type-post","status-publish","format-standard","hentry","category-opiniao"],"_links":{"self":[{"href":"https:\/\/sites.ecclesia.pt\/cv\/wp-json\/wp\/v2\/posts\/11190","targetHints":{"allow":["GET"]}}],"collection":[{"href":"https:\/\/sites.ecclesia.pt\/cv\/wp-json\/wp\/v2\/posts"}],"about":[{"href":"https:\/\/sites.ecclesia.pt\/cv\/wp-json\/wp\/v2\/types\/post"}],"author":[{"embeddable":true,"href":"https:\/\/sites.ecclesia.pt\/cv\/wp-json\/wp\/v2\/users\/1"}],"replies":[{"embeddable":true,"href":"https:\/\/sites.ecclesia.pt\/cv\/wp-json\/wp\/v2\/comments?post=11190"}],"version-history":[{"count":0,"href":"https:\/\/sites.ecclesia.pt\/cv\/wp-json\/wp\/v2\/posts\/11190\/revisions"}],"wp:attachment":[{"href":"https:\/\/sites.ecclesia.pt\/cv\/wp-json\/wp\/v2\/media?parent=11190"}],"wp:term":[{"taxonomy":"category","embeddable":true,"href":"https:\/\/sites.ecclesia.pt\/cv\/wp-json\/wp\/v2\/categories?post=11190"},{"taxonomy":"post_tag","embeddable":true,"href":"https:\/\/sites.ecclesia.pt\/cv\/wp-json\/wp\/v2\/tags?post=11190"}],"curies":[{"name":"wp","href":"https:\/\/api.w.org\/{rel}","templated":true}]}}