{"id":11554,"date":"2008-02-13T14:54:00","date_gmt":"2008-02-13T14:54:00","guid":{"rendered":"http:\/\/localhost:81\/wp1\/?p=11554"},"modified":"2008-02-13T14:54:00","modified_gmt":"2008-02-13T14:54:00","slug":"cinco-hospitais-do-distrito-contemplados-pela-arsc-com-cerca-de-oitenta-milhoes-de-euros","status":"publish","type":"post","link":"https:\/\/sites.ecclesia.pt\/cv\/cinco-hospitais-do-distrito-contemplados-pela-arsc-com-cerca-de-oitenta-milhoes-de-euros\/","title":{"rendered":"Cinco hospitais do distrito contemplados pela ARSC com cerca de oitenta milh\u00f5es de euros"},"content":{"rendered":"<p>Cinco hospitais do distrito de Aveiro ir\u00e3o receber, durante o ano em curso, cerca de oitenta milh\u00f5es de euros, de acordo com os contratos programas assinados com a ARSC \u2013 Administra\u00e7\u00e3o Regional de Sa\u00fade do Centro. <\/p>\n<p>Mais de metade dessa verba (cerca de 48,3 milh\u00f5es de euros) destina-se ao Hospital Infante D. Pedro (Hospital de Aveiro). A restante verba tem por destino o Hospital de \u00c1gueda (10,4 milh\u00f5es de euros), o Hospital de Ovar (7,1 milh\u00f5es de euros), o Hospital de Estarreja (4,7 milh\u00f5es de euros) e o Hospital de Anadia (4,4 milh\u00f5es de euros).<\/p>\n<p>Os cinco hospitais do distrito de Aveiro situados na \u00e1rea da Regi\u00e3o Centro est\u00e3o inclu\u00eddos no grupo de 19 hospitais que assinaram contratos programas com a ARSC, os quais atingem um valor global superior a 780 milh\u00f5es de euros.<\/p>\n","protected":false},"excerpt":{"rendered":"<p>Cinco hospitais do distrito de Aveiro ir\u00e3o receber, durante o ano em curso, cerca de oitenta milh\u00f5es de euros, de acordo com os contratos programas assinados com a ARSC \u2013 Administra\u00e7\u00e3o Regional de Sa\u00fade do Centro. Mais de metade dessa verba (cerca de 48,3 milh\u00f5es de euros) destina-se ao Hospital Infante D. Pedro (Hospital de [&hellip;]<\/p>\n","protected":false},"author":1,"featured_media":0,"comment_status":"open","ping_status":"open","sticky":false,"template":"","format":"standard","meta":{"footnotes":""},"categories":[61],"tags":[],"class_list":["post-11554","post","type-post","status-publish","format-standard","hentry","category-actualidade"],"_links":{"self":[{"href":"https:\/\/sites.ecclesia.pt\/cv\/wp-json\/wp\/v2\/posts\/11554","targetHints":{"allow":["GET"]}}],"collection":[{"href":"https:\/\/sites.ecclesia.pt\/cv\/wp-json\/wp\/v2\/posts"}],"about":[{"href":"https:\/\/sites.ecclesia.pt\/cv\/wp-json\/wp\/v2\/types\/post"}],"author":[{"embeddable":true,"href":"https:\/\/sites.ecclesia.pt\/cv\/wp-json\/wp\/v2\/users\/1"}],"replies":[{"embeddable":true,"href":"https:\/\/sites.ecclesia.pt\/cv\/wp-json\/wp\/v2\/comments?post=11554"}],"version-history":[{"count":0,"href":"https:\/\/sites.ecclesia.pt\/cv\/wp-json\/wp\/v2\/posts\/11554\/revisions"}],"wp:attachment":[{"href":"https:\/\/sites.ecclesia.pt\/cv\/wp-json\/wp\/v2\/media?parent=11554"}],"wp:term":[{"taxonomy":"category","embeddable":true,"href":"https:\/\/sites.ecclesia.pt\/cv\/wp-json\/wp\/v2\/categories?post=11554"},{"taxonomy":"post_tag","embeddable":true,"href":"https:\/\/sites.ecclesia.pt\/cv\/wp-json\/wp\/v2\/tags?post=11554"}],"curies":[{"name":"wp","href":"https:\/\/api.w.org\/{rel}","templated":true}]}}