{"id":11945,"date":"2008-04-02T15:33:00","date_gmt":"2008-04-02T15:33:00","guid":{"rendered":"http:\/\/localhost:81\/wp1\/?p=11945"},"modified":"2008-04-02T15:33:00","modified_gmt":"2008-04-02T15:33:00","slug":"vaticano-admite-regresso-de-tradicionalistas","status":"publish","type":"post","link":"https:\/\/sites.ecclesia.pt\/cv\/vaticano-admite-regresso-de-tradicionalistas\/","title":{"rendered":"Vaticano admite regresso de tradicionalistas"},"content":{"rendered":"<p>O homem forte do Vaticano para o di\u00e1logo com os lefebvrianos, Cardeal Dar\u00edo Castrill\u00f3n Hoyos, revelou que muitos crist\u00e3os que se tinham afastado da Igreja por causa das reformas lit\u00fargicas do Conc\u00edlio Vaticano II \u201cest\u00e3o a regressar \u00e0 plena comunh\u00e3o com Roma\u201d ap\u00f3s o Motu Proprio \u201cSummorum Pontificum\u201d,de Bento XVI, sobre a liturgia pr\u00e9-concliar.<\/p>\n<p>D. Castrill\u00f3n Hoyos diz que, ap\u00f3s a decis\u00e3o do Papa, um mosteiro de clausura com 30 religiosas espanholas foi j\u00e1 reconhecido e regularizado pela sua Comiss\u00e3o Pontif\u00edcia, falando ainda de grupos americanos, alem\u00e3es e franceses \u201cem vias de regulariza\u00e7\u00e3o\u201d.<\/p>\n","protected":false},"excerpt":{"rendered":"<p>O homem forte do Vaticano para o di\u00e1logo com os lefebvrianos, Cardeal Dar\u00edo Castrill\u00f3n Hoyos, revelou que muitos crist\u00e3os que se tinham afastado da Igreja por causa das reformas lit\u00fargicas do Conc\u00edlio Vaticano II \u201cest\u00e3o a regressar \u00e0 plena comunh\u00e3o com Roma\u201d ap\u00f3s o Motu Proprio \u201cSummorum Pontificum\u201d,de Bento XVI, sobre a liturgia pr\u00e9-concliar. D. [&hellip;]<\/p>\n","protected":false},"author":1,"featured_media":0,"comment_status":"open","ping_status":"open","sticky":false,"template":"","format":"standard","meta":{"footnotes":""},"categories":[44],"tags":[],"class_list":["post-11945","post","type-post","status-publish","format-standard","hentry","category-igreja"],"_links":{"self":[{"href":"https:\/\/sites.ecclesia.pt\/cv\/wp-json\/wp\/v2\/posts\/11945","targetHints":{"allow":["GET"]}}],"collection":[{"href":"https:\/\/sites.ecclesia.pt\/cv\/wp-json\/wp\/v2\/posts"}],"about":[{"href":"https:\/\/sites.ecclesia.pt\/cv\/wp-json\/wp\/v2\/types\/post"}],"author":[{"embeddable":true,"href":"https:\/\/sites.ecclesia.pt\/cv\/wp-json\/wp\/v2\/users\/1"}],"replies":[{"embeddable":true,"href":"https:\/\/sites.ecclesia.pt\/cv\/wp-json\/wp\/v2\/comments?post=11945"}],"version-history":[{"count":0,"href":"https:\/\/sites.ecclesia.pt\/cv\/wp-json\/wp\/v2\/posts\/11945\/revisions"}],"wp:attachment":[{"href":"https:\/\/sites.ecclesia.pt\/cv\/wp-json\/wp\/v2\/media?parent=11945"}],"wp:term":[{"taxonomy":"category","embeddable":true,"href":"https:\/\/sites.ecclesia.pt\/cv\/wp-json\/wp\/v2\/categories?post=11945"},{"taxonomy":"post_tag","embeddable":true,"href":"https:\/\/sites.ecclesia.pt\/cv\/wp-json\/wp\/v2\/tags?post=11945"}],"curies":[{"name":"wp","href":"https:\/\/api.w.org\/{rel}","templated":true}]}}