{"id":12,"date":"2006-04-03T14:44:00","date_gmt":"2006-04-03T14:44:00","guid":{"rendered":"http:\/\/localhost:81\/wp1\/?p=12"},"modified":"2006-04-03T14:44:00","modified_gmt":"2006-04-03T14:44:00","slug":"campanhas-para-os-pobres","status":"publish","type":"post","link":"https:\/\/sites.ecclesia.pt\/cv\/campanhas-para-os-pobres\/","title":{"rendered":"Campanhas para os pobres"},"content":{"rendered":"<p>\u00daltima coluna <!--more--> Somos os primeiros a reconhecer que em horas de infort\u00fanio todos nos devemos mobilizar para ajudar os que mais precisam. Vezes sem conta demos cobertura neste jornal \u00e0s mais diversas campanhas em favor dos que mais sofrem, em Portugal e no mundo. Assim aconteceu, recentemente, com as v\u00edtimas dos inc\u00eandios do \u00faltimo Ver\u00e3o.<\/p>\n<p>Duma maneira geral, o povo portugu\u00eas tem provado \u00e0 saciedade que \u00e9 generoso, mostrando sempre um empenho muito grande em colaborar com os que tomam a iniciativa de avan\u00e7ar com as campanhas. D\u00e1 sempre o que pode e muitas vezes o que n\u00e3o pode, e a prova disso est\u00e1 nos \u00eaxitos alcan\u00e7ados.<\/p>\n<p>Acontece, por\u00e9m, que h\u00e1 sempre quem, fingindo ter esp\u00edrito de caridade, pretenda enganar os outros, enganando-se a si pr\u00f3prio, ao aproveitar as circunst\u00e2ncias para fazer uma limpeza geral \u00e0 sua habita\u00e7\u00e3o. <\/p>\n<p>A den\u00fancia desta realidade, decerto n\u00e3o correspondente \u00e0 maioria dos que assumem no dia-a-dia a solidariedade e a caridade, veio do respons\u00e1vel da Delega\u00e7\u00e3o de Aveiro da Cruz Vermelha Portuguesa, M\u00e1rio Silva, em declara\u00e7\u00f5es ao JN, a prop\u00f3sito da campanha para as v\u00edtimas dos inc\u00eandios. \u201cHouve gente que nos deu  coisas boas, que certamente ir\u00e3o ser \u00fateis a quem perdeu tudo. Mas, infelizmente, tamb\u00e9m houve quem aproveitasse a campanha para fazer uma limpeza em casa, mandando-nos todo o lixo que por l\u00e1 havia\u201d, disse.<\/p>\n<p>De facto, e como confirmou ao JN, ali entregaram as coisas mais inacredit\u00e1veis: \u201csapatos sem sola, roupa suja e rasgada, mesas semidestru\u00eddas, fog\u00f5es sem bicos e sem portas, carpetes imundas, entre outras coisas em p\u00e9ssimo estado.\u201d<\/p>\n<p>Afinal, o verdadeiro esp\u00edrito de caridade e de solidariedade ainda anda muito arredio de certa gente.<\/p>\n<p>F.M.<\/p>\n","protected":false},"excerpt":{"rendered":"<p>\u00daltima coluna<\/p>\n","protected":false},"author":1,"featured_media":0,"comment_status":"open","ping_status":"open","sticky":false,"template":"","format":"standard","meta":{"footnotes":""},"categories":[61],"tags":[],"class_list":["post-12","post","type-post","status-publish","format-standard","hentry","category-actualidade"],"_links":{"self":[{"href":"https:\/\/sites.ecclesia.pt\/cv\/wp-json\/wp\/v2\/posts\/12","targetHints":{"allow":["GET"]}}],"collection":[{"href":"https:\/\/sites.ecclesia.pt\/cv\/wp-json\/wp\/v2\/posts"}],"about":[{"href":"https:\/\/sites.ecclesia.pt\/cv\/wp-json\/wp\/v2\/types\/post"}],"author":[{"embeddable":true,"href":"https:\/\/sites.ecclesia.pt\/cv\/wp-json\/wp\/v2\/users\/1"}],"replies":[{"embeddable":true,"href":"https:\/\/sites.ecclesia.pt\/cv\/wp-json\/wp\/v2\/comments?post=12"}],"version-history":[{"count":0,"href":"https:\/\/sites.ecclesia.pt\/cv\/wp-json\/wp\/v2\/posts\/12\/revisions"}],"wp:attachment":[{"href":"https:\/\/sites.ecclesia.pt\/cv\/wp-json\/wp\/v2\/media?parent=12"}],"wp:term":[{"taxonomy":"category","embeddable":true,"href":"https:\/\/sites.ecclesia.pt\/cv\/wp-json\/wp\/v2\/categories?post=12"},{"taxonomy":"post_tag","embeddable":true,"href":"https:\/\/sites.ecclesia.pt\/cv\/wp-json\/wp\/v2\/tags?post=12"}],"curies":[{"name":"wp","href":"https:\/\/api.w.org\/{rel}","templated":true}]}}