{"id":12014,"date":"2008-04-09T12:07:00","date_gmt":"2008-04-09T12:07:00","guid":{"rendered":"http:\/\/localhost:81\/wp1\/?p=12014"},"modified":"2008-04-09T12:07:00","modified_gmt":"2008-04-09T12:07:00","slug":"amanha-decorre-o-dia-aberto","status":"publish","type":"post","link":"https:\/\/sites.ecclesia.pt\/cv\/amanha-decorre-o-dia-aberto\/","title":{"rendered":"Amanh\u00e3 decorre o &#8220;Dia aberto&#8221;"},"content":{"rendered":"<p>Escola Superior de Tecnologia e Gest\u00e3o de \u00c1gueda <!--more--> Amanh\u00e3 ir\u00e1 decorrer o \u201cdia aberto\u201d da Escola Superior de Tecnologia e Gest\u00e3o de \u00c1gueda (ESTGA), durante o qual todos os interessados poder\u00e3o conhecer os diversos cursos ministrados neste estabelecimento de ensino superior tutelado pela Universidade de Aveiro.<\/p>\n<p>O programa desse \u201cdia aberto\u201d inclui actividades de divulga\u00e7\u00e3o da oferta formativa da ESTGA, uma micro feira de emprego, uma feira do livro t\u00e9cnico, uma mostra de ve\u00edculos destinados a participar no concurso Shell Eco-Marathon e, pelas 15h 30m, um debate sobre \u201cAs empresas portuguesas e a globaliza\u00e7\u00e3o\u201d, organizado conjuntamente pela AEP &#8211; Associa\u00e7\u00e3o Empresarial de Portugal e pela ESTGA. <\/p>\n<p>A cerim\u00f3nia oficial do \u201cDia Aberto ESTGA 2008\u201d ter\u00e1 in\u00edcio pelas 18 horas, e ser\u00e1 presidida pela Reitora da Universidade de Aveiro, Maria Helena Nazar\u00e9. Na sess\u00e3o, ser\u00e3o assinados protocolos de coopera\u00e7\u00e3o e de mecenato educacional com empresas da regi\u00e3o, tamb\u00e9m como ser\u00e3o entregues diversos pr\u00e9mios a alunos que se distinguiram durante o ano lectivo.<\/p>\n","protected":false},"excerpt":{"rendered":"<p>Escola Superior de Tecnologia e Gest\u00e3o de \u00c1gueda<\/p>\n","protected":false},"author":1,"featured_media":0,"comment_status":"open","ping_status":"open","sticky":false,"template":"","format":"standard","meta":{"footnotes":""},"categories":[45],"tags":[],"class_list":["post-12014","post","type-post","status-publish","format-standard","hentry","category-regioes"],"_links":{"self":[{"href":"https:\/\/sites.ecclesia.pt\/cv\/wp-json\/wp\/v2\/posts\/12014","targetHints":{"allow":["GET"]}}],"collection":[{"href":"https:\/\/sites.ecclesia.pt\/cv\/wp-json\/wp\/v2\/posts"}],"about":[{"href":"https:\/\/sites.ecclesia.pt\/cv\/wp-json\/wp\/v2\/types\/post"}],"author":[{"embeddable":true,"href":"https:\/\/sites.ecclesia.pt\/cv\/wp-json\/wp\/v2\/users\/1"}],"replies":[{"embeddable":true,"href":"https:\/\/sites.ecclesia.pt\/cv\/wp-json\/wp\/v2\/comments?post=12014"}],"version-history":[{"count":0,"href":"https:\/\/sites.ecclesia.pt\/cv\/wp-json\/wp\/v2\/posts\/12014\/revisions"}],"wp:attachment":[{"href":"https:\/\/sites.ecclesia.pt\/cv\/wp-json\/wp\/v2\/media?parent=12014"}],"wp:term":[{"taxonomy":"category","embeddable":true,"href":"https:\/\/sites.ecclesia.pt\/cv\/wp-json\/wp\/v2\/categories?post=12014"},{"taxonomy":"post_tag","embeddable":true,"href":"https:\/\/sites.ecclesia.pt\/cv\/wp-json\/wp\/v2\/tags?post=12014"}],"curies":[{"name":"wp","href":"https:\/\/api.w.org\/{rel}","templated":true}]}}