{"id":12015,"date":"2008-04-09T12:08:00","date_gmt":"2008-04-09T12:08:00","guid":{"rendered":"http:\/\/localhost:81\/wp1\/?p=12015"},"modified":"2008-04-09T12:08:00","modified_gmt":"2008-04-09T12:08:00","slug":"jornadas-tecnicas-na-escola-secundaria-mario-sacramento","status":"publish","type":"post","link":"https:\/\/sites.ecclesia.pt\/cv\/jornadas-tecnicas-na-escola-secundaria-mario-sacramento\/","title":{"rendered":"Jornadas t\u00e9cnicas na Escola Secund\u00e1ria M\u00e1rio Sacramento"},"content":{"rendered":"<p>Aveiro <!--more--> A Escola Secund\u00e1ria M\u00e1rio Sacramento e Associa\u00e7\u00e3o dos Antigos Alunos da Escola Industrial e Comercial de Aveiro promovem nos dias 15, 16 e 17 de Abril as IV Jornadas T\u00e9cnicas. Durante tr\u00eas dias, especialistas ligados principalmente \u00e0 \u00e1rea industrial exp\u00f5em e debatem com alunos e professores temas como \u201ca casa inteligente\u201d, \u201ctelefonar gratuitamente pela Internet\u201d, \u201ca efici\u00eancia energ\u00e9tica\u201d ou \u201ca seguran\u00e7a das m\u00e1quinas autom\u00e1ticas\u201d. As jornadas s\u00e3o abertas \u00e0 comunidade aveirense.<\/p>\n","protected":false},"excerpt":{"rendered":"<p>Aveiro<\/p>\n","protected":false},"author":1,"featured_media":0,"comment_status":"open","ping_status":"open","sticky":false,"template":"","format":"standard","meta":{"footnotes":""},"categories":[45],"tags":[],"class_list":["post-12015","post","type-post","status-publish","format-standard","hentry","category-regioes"],"_links":{"self":[{"href":"https:\/\/sites.ecclesia.pt\/cv\/wp-json\/wp\/v2\/posts\/12015","targetHints":{"allow":["GET"]}}],"collection":[{"href":"https:\/\/sites.ecclesia.pt\/cv\/wp-json\/wp\/v2\/posts"}],"about":[{"href":"https:\/\/sites.ecclesia.pt\/cv\/wp-json\/wp\/v2\/types\/post"}],"author":[{"embeddable":true,"href":"https:\/\/sites.ecclesia.pt\/cv\/wp-json\/wp\/v2\/users\/1"}],"replies":[{"embeddable":true,"href":"https:\/\/sites.ecclesia.pt\/cv\/wp-json\/wp\/v2\/comments?post=12015"}],"version-history":[{"count":0,"href":"https:\/\/sites.ecclesia.pt\/cv\/wp-json\/wp\/v2\/posts\/12015\/revisions"}],"wp:attachment":[{"href":"https:\/\/sites.ecclesia.pt\/cv\/wp-json\/wp\/v2\/media?parent=12015"}],"wp:term":[{"taxonomy":"category","embeddable":true,"href":"https:\/\/sites.ecclesia.pt\/cv\/wp-json\/wp\/v2\/categories?post=12015"},{"taxonomy":"post_tag","embeddable":true,"href":"https:\/\/sites.ecclesia.pt\/cv\/wp-json\/wp\/v2\/tags?post=12015"}],"curies":[{"name":"wp","href":"https:\/\/api.w.org\/{rel}","templated":true}]}}