{"id":12016,"date":"2008-04-09T12:09:00","date_gmt":"2008-04-09T12:09:00","guid":{"rendered":"http:\/\/localhost:81\/wp1\/?p=12016"},"modified":"2008-04-09T12:09:00","modified_gmt":"2008-04-09T12:09:00","slug":"bombeiros-de-ilhavo-comemoram-115o-aniversario","status":"publish","type":"post","link":"https:\/\/sites.ecclesia.pt\/cv\/bombeiros-de-ilhavo-comemoram-115o-aniversario\/","title":{"rendered":"Bombeiros de \u00cdlhavo comemoram 115\u00ba anivers\u00e1rio"},"content":{"rendered":"<p>No pr\u00f3ximo dia 13 de Abril, a Associa\u00e7\u00e3o Humanit\u00e1ria dos Bombeiros Volunt\u00e1rios de \u00cdlhavo comemora o 115\u00ba anivers\u00e1rio, com um programa que se inicia pelas 8 horas e que se prolonga at\u00e9 \u00e0 noite.<\/p>\n<p>O hastear das bandeiras com forma\u00e7\u00e3o geral est\u00e1 marcado para as 8 horas, seguindo-se romagem aos cemit\u00e9rios com coloca\u00e7\u00e3o de flores. Pelas 11 horas, na Igreja Matriz de \u00cdlhavo, ter\u00e1 in\u00edcio a Eucaristia evocativa do 115\u00ba anivers\u00e1rio.<\/p>\n<p>O programa da tarde inicia-se pelas 17h30, com a recep\u00e7\u00e3o \u00e0s entidades oficiais, seguindo-se o desfile apeado e motorizado, ap\u00f3s o qual decorrer\u00e1 a sess\u00e3o solene do anivers\u00e1rio.<\/p>\n<p>\u00c0 noite, a partir das 20 horas, ter\u00e1 lugar o jantar comemorativo.<\/p>\n","protected":false},"excerpt":{"rendered":"<p>No pr\u00f3ximo dia 13 de Abril, a Associa\u00e7\u00e3o Humanit\u00e1ria dos Bombeiros Volunt\u00e1rios de \u00cdlhavo comemora o 115\u00ba anivers\u00e1rio, com um programa que se inicia pelas 8 horas e que se prolonga at\u00e9 \u00e0 noite. O hastear das bandeiras com forma\u00e7\u00e3o geral est\u00e1 marcado para as 8 horas, seguindo-se romagem aos cemit\u00e9rios com coloca\u00e7\u00e3o de flores. [&hellip;]<\/p>\n","protected":false},"author":1,"featured_media":0,"comment_status":"open","ping_status":"open","sticky":false,"template":"","format":"standard","meta":{"footnotes":""},"categories":[45],"tags":[],"class_list":["post-12016","post","type-post","status-publish","format-standard","hentry","category-regioes"],"_links":{"self":[{"href":"https:\/\/sites.ecclesia.pt\/cv\/wp-json\/wp\/v2\/posts\/12016","targetHints":{"allow":["GET"]}}],"collection":[{"href":"https:\/\/sites.ecclesia.pt\/cv\/wp-json\/wp\/v2\/posts"}],"about":[{"href":"https:\/\/sites.ecclesia.pt\/cv\/wp-json\/wp\/v2\/types\/post"}],"author":[{"embeddable":true,"href":"https:\/\/sites.ecclesia.pt\/cv\/wp-json\/wp\/v2\/users\/1"}],"replies":[{"embeddable":true,"href":"https:\/\/sites.ecclesia.pt\/cv\/wp-json\/wp\/v2\/comments?post=12016"}],"version-history":[{"count":0,"href":"https:\/\/sites.ecclesia.pt\/cv\/wp-json\/wp\/v2\/posts\/12016\/revisions"}],"wp:attachment":[{"href":"https:\/\/sites.ecclesia.pt\/cv\/wp-json\/wp\/v2\/media?parent=12016"}],"wp:term":[{"taxonomy":"category","embeddable":true,"href":"https:\/\/sites.ecclesia.pt\/cv\/wp-json\/wp\/v2\/categories?post=12016"},{"taxonomy":"post_tag","embeddable":true,"href":"https:\/\/sites.ecclesia.pt\/cv\/wp-json\/wp\/v2\/tags?post=12016"}],"curies":[{"name":"wp","href":"https:\/\/api.w.org\/{rel}","templated":true}]}}