{"id":12017,"date":"2008-04-09T12:10:00","date_gmt":"2008-04-09T12:10:00","guid":{"rendered":"http:\/\/localhost:81\/wp1\/?p=12017"},"modified":"2008-04-09T12:10:00","modified_gmt":"2008-04-09T12:10:00","slug":"novo-sistema-de-atendimento-integrado","status":"publish","type":"post","link":"https:\/\/sites.ecclesia.pt\/cv\/novo-sistema-de-atendimento-integrado\/","title":{"rendered":"Novo Sistema de Atendimento Integrado"},"content":{"rendered":"<p>Activado pela C\u00e2mara Municipal de \u00cdlhavo <!--more--> No dia 2 de Abril, a C\u00e2mara Municipal de \u00cdlhavo activou o seu novo Sistema de Atendimento Integrado, o qual permite aos mun\u00edcipes ilhavenses acederem, num mesmo espa\u00e7o f\u00edsico, de forma c\u00f3moda e r\u00e1pida, a um vasto conjunto de servi\u00e7os que, at\u00e9 agora, estavam dispersos por v\u00e1rias Divis\u00f5es da autarquia.<\/p>\n<p>Neste novo servi\u00e7o municipal, que segue uma filosofia de presta\u00e7\u00e3o de servi\u00e7o id\u00eantica \u00e0 das Lojas do Cidad\u00e3o, os mun\u00edcipes podem tratar de assuntos t\u00e3o diversos como processos de obras particulares, contratos de \u00e1gua e saneamento, liquida\u00e7\u00e3o de taxas e licen\u00e7as, liquida\u00e7\u00e3o de facturas de \u00e1gua, marca\u00e7\u00e3o de reuni\u00f5es t\u00e9cnicas, candidaturas a concursos, contractos de aprovisionamento, entrega de documenta\u00e7\u00e3o diversa, entre outros.<\/p>\n<p>A certifica\u00e7\u00e3o dos Servi\u00e7os Municipalizados \u00e9 um objectivo que a C\u00e2mara Municipal de \u00cdlhavo pretende implementar no \u00e2mbito da moderniza\u00e7\u00e3o administrativa, pelo que, a curto prazo, ir\u00e1 iniciar o respectivo processo.<\/p>\n","protected":false},"excerpt":{"rendered":"<p>Activado pela C\u00e2mara Municipal de \u00cdlhavo<\/p>\n","protected":false},"author":1,"featured_media":0,"comment_status":"open","ping_status":"open","sticky":false,"template":"","format":"standard","meta":{"footnotes":""},"categories":[45],"tags":[],"class_list":["post-12017","post","type-post","status-publish","format-standard","hentry","category-regioes"],"_links":{"self":[{"href":"https:\/\/sites.ecclesia.pt\/cv\/wp-json\/wp\/v2\/posts\/12017","targetHints":{"allow":["GET"]}}],"collection":[{"href":"https:\/\/sites.ecclesia.pt\/cv\/wp-json\/wp\/v2\/posts"}],"about":[{"href":"https:\/\/sites.ecclesia.pt\/cv\/wp-json\/wp\/v2\/types\/post"}],"author":[{"embeddable":true,"href":"https:\/\/sites.ecclesia.pt\/cv\/wp-json\/wp\/v2\/users\/1"}],"replies":[{"embeddable":true,"href":"https:\/\/sites.ecclesia.pt\/cv\/wp-json\/wp\/v2\/comments?post=12017"}],"version-history":[{"count":0,"href":"https:\/\/sites.ecclesia.pt\/cv\/wp-json\/wp\/v2\/posts\/12017\/revisions"}],"wp:attachment":[{"href":"https:\/\/sites.ecclesia.pt\/cv\/wp-json\/wp\/v2\/media?parent=12017"}],"wp:term":[{"taxonomy":"category","embeddable":true,"href":"https:\/\/sites.ecclesia.pt\/cv\/wp-json\/wp\/v2\/categories?post=12017"},{"taxonomy":"post_tag","embeddable":true,"href":"https:\/\/sites.ecclesia.pt\/cv\/wp-json\/wp\/v2\/tags?post=12017"}],"curies":[{"name":"wp","href":"https:\/\/api.w.org\/{rel}","templated":true}]}}