{"id":12018,"date":"2008-04-09T12:11:00","date_gmt":"2008-04-09T12:11:00","guid":{"rendered":"http:\/\/localhost:81\/wp1\/?p=12018"},"modified":"2008-04-09T12:11:00","modified_gmt":"2008-04-09T12:11:00","slug":"escola-secundaria-de-ilhavo-assina-protocolos-para-a-realizacao-de-estagios-profissionais","status":"publish","type":"post","link":"https:\/\/sites.ecclesia.pt\/cv\/escola-secundaria-de-ilhavo-assina-protocolos-para-a-realizacao-de-estagios-profissionais\/","title":{"rendered":"Escola Secund\u00e1ria de \u00cdlhavo assina protocolos para a realiza\u00e7\u00e3o de est\u00e1gios profissionais"},"content":{"rendered":"<p>Com o objectivo de promover a realiza\u00e7\u00e3o de est\u00e1gios profissionais para os alunos dos seus cursos tecnol\u00f3gicos, a Escola Secund\u00e1ria Dr. Jo\u00e3o Carlos Celestino Gomes, de \u00cdlhavo, assinou diversos protocolos com institui\u00e7\u00f5es e empresas da regi\u00e3o.<\/p>\n<p>Para os est\u00e1gios profissionais na \u00e1rea da inform\u00e1tica, foram assinados protocolos com as c\u00e2maras municipais de \u00cdlhavo, de Albergaria-a-Velha e de Vagos, e ainda o Hospital Infante D. Pedro (Aveiro) e as empresas Braxen, Inforl\u00e2ndia e Rilop.<\/p>\n<p>Na \u00e1rea do desporto, foram assinados protocolos com os clubes: Associa\u00e7\u00e3o Desportiva de Vagos, o Clube dos Galitos, o Grupo Desportivo da Gafanha, o \u00cdlhavo Andebol Clube, o Illiabum Clube, e ainda com a C\u00e2mara Municipal de \u00cdlhavo, o Caribe Gin\u00e1sio, a Neves &#038; Lemos e a Sportis. <\/p>\n<p>Os est\u00e1gios na \u00e1rea do design de equipamentos ir\u00e3o decorrer nas empresas Aveirotel, Azimute, Carpintaria e M\u00f3veis Jorge Leite Oliveira, Clidecor e Ideiasmad.<\/p>\n<p>Com vista \u00e0 realiza\u00e7\u00e3o de est\u00e1gios profissionais dos assistentes administrativos, foram assinados protocolos com a C\u00e2mara Municipal de \u00cdlhavo, Conservat\u00f3ria do Registo Predial e Comercial de \u00cdlhavo, Conservat\u00f3ria do Registo Civil de \u00cdlhavo, juntas de freguesia de S. Salvador e da Gl\u00f3ria (Aveiro), e com as empresas BPS, GCI, Imp\u00e9rio Bonan\u00e7a, Terceiro Grau e Vidal Ribeiro Contabilidade.<\/p>\n","protected":false},"excerpt":{"rendered":"<p>Com o objectivo de promover a realiza\u00e7\u00e3o de est\u00e1gios profissionais para os alunos dos seus cursos tecnol\u00f3gicos, a Escola Secund\u00e1ria Dr. Jo\u00e3o Carlos Celestino Gomes, de \u00cdlhavo, assinou diversos protocolos com institui\u00e7\u00f5es e empresas da regi\u00e3o. Para os est\u00e1gios profissionais na \u00e1rea da inform\u00e1tica, foram assinados protocolos com as c\u00e2maras municipais de \u00cdlhavo, de Albergaria-a-Velha [&hellip;]<\/p>\n","protected":false},"author":1,"featured_media":0,"comment_status":"open","ping_status":"open","sticky":false,"template":"","format":"standard","meta":{"footnotes":""},"categories":[45],"tags":[],"class_list":["post-12018","post","type-post","status-publish","format-standard","hentry","category-regioes"],"_links":{"self":[{"href":"https:\/\/sites.ecclesia.pt\/cv\/wp-json\/wp\/v2\/posts\/12018","targetHints":{"allow":["GET"]}}],"collection":[{"href":"https:\/\/sites.ecclesia.pt\/cv\/wp-json\/wp\/v2\/posts"}],"about":[{"href":"https:\/\/sites.ecclesia.pt\/cv\/wp-json\/wp\/v2\/types\/post"}],"author":[{"embeddable":true,"href":"https:\/\/sites.ecclesia.pt\/cv\/wp-json\/wp\/v2\/users\/1"}],"replies":[{"embeddable":true,"href":"https:\/\/sites.ecclesia.pt\/cv\/wp-json\/wp\/v2\/comments?post=12018"}],"version-history":[{"count":0,"href":"https:\/\/sites.ecclesia.pt\/cv\/wp-json\/wp\/v2\/posts\/12018\/revisions"}],"wp:attachment":[{"href":"https:\/\/sites.ecclesia.pt\/cv\/wp-json\/wp\/v2\/media?parent=12018"}],"wp:term":[{"taxonomy":"category","embeddable":true,"href":"https:\/\/sites.ecclesia.pt\/cv\/wp-json\/wp\/v2\/categories?post=12018"},{"taxonomy":"post_tag","embeddable":true,"href":"https:\/\/sites.ecclesia.pt\/cv\/wp-json\/wp\/v2\/tags?post=12018"}],"curies":[{"name":"wp","href":"https:\/\/api.w.org\/{rel}","templated":true}]}}