{"id":12019,"date":"2008-04-09T12:13:00","date_gmt":"2008-04-09T12:13:00","guid":{"rendered":"http:\/\/localhost:81\/wp1\/?p=12019"},"modified":"2008-04-09T12:13:00","modified_gmt":"2008-04-09T12:13:00","slug":"empate-poe-fim-a-luta-pela-subida-de-divisao","status":"publish","type":"post","link":"https:\/\/sites.ecclesia.pt\/cv\/empate-poe-fim-a-luta-pela-subida-de-divisao\/","title":{"rendered":"Empate p\u00f5e fim \u00e0 luta pela subida de divis\u00e3o"},"content":{"rendered":"<p>Beira-Mar 1 &#8211; 1 Rio Ave <!--more--> NUNO CANI\u00c7O<\/p>\n<p>O Beira-Mar hipotecou as suas esperan\u00e7as em subir ao escal\u00e3o maior do futebol nacional, ap\u00f3s conceder empate caseiro frente ao Rio Ave. A equipa de Aveiro n\u00e3o teve a efic\u00e1cia necess\u00e1ria para traduzir no marcador a supremacia patenteada no relvado.<\/p>\n<p>Circunst\u00e2ncia \u2013 Est\u00e1dio Municipal de Aveiro. \u00c1rbitro: Elmano Santos. O Beira-Mar procurava voltar \u00e0 senda das vit\u00f3rias, ap\u00f3s o percal\u00e7o na P\u00f3voa do Varzim, e logo frente a um advers\u00e1rio directo na luta pela promo\u00e7\u00e3o \u00e0 1\u00aa Liga. Os adeptos aveirenses acorreram em bom n\u00famero (cerca de 2000).<\/p>\n<p>O advers\u00e1rio \u2013 O Rio Ave era, \u00e0 partida para a 25\u00aa jornada, o l\u00edder da classifica\u00e7\u00e3o, com mais oito pontos que os aveirenses. A vit\u00f3ria era portanto fulcral num percurso com pouca (ou nenhuma) margem de erro.<\/p>\n<p>O jogo \u2013 Primeira parte equilibrada, ainda que os aveirenses mostrassem maior ascendente, sobretudo ao n\u00edvel das oportunidades de golo. Mas, como \u201cquem n\u00e3o marca sofre\u201d, a equipa de Vila do Conde colocou-se em vantagem perto do intervalo. Na etapa complementar, a equipa de Paulo S\u00e9rgio \u201ccaiu\u201d em cima do advers\u00e1rio, empatando rapidamente a contenda num golpe de cabe\u00e7a de Maurinho. At\u00e9 ao apito final do \u00e1rbitro, os aveirenses foram novamente perdul\u00e1rios em oportunidades flagrantes de golo. Ao Rio Ave o resultado servia bem, pelo que tratou de o defender, sem correr grandes riscos.<\/p>\n<p>Paulo S\u00e9rgio \u2013 \u201cJusto? Acho que n\u00e3o. Merec\u00edamos ganhar pela forma como trabalh\u00e1mos e soubemos jogar a bola. [A subida] est\u00e1 dif\u00edcil. N\u00e3o somos burros! Est\u00e1 dif\u00edcil chegar aos dois primeiros lugares. Se temos ganho aqui, poder\u00edamos falar de outra forma, embora n\u00e3o mudasse o discurso. Ficar\u00edamos a cinco pontos, mas mesmo com essa vit\u00f3ria estaria dif\u00edcil na mesma. H\u00e1 muitas equipas entre o Beira-Mar e o segundo lugar.\u201d<\/p>\n<p>Pr\u00f3ximo jogo \u2013 O Beira-Mar encontra-se na s\u00e9tima posi\u00e7\u00e3o com 35 pontos e na pr\u00f3xima jornada desloca-se a Santa Maria da Feira, para defrontar o Feirense, 12\u00ba classificado com 28 pontos.<\/p>\n","protected":false},"excerpt":{"rendered":"<p>Beira-Mar 1 &#8211; 1 Rio Ave<\/p>\n","protected":false},"author":1,"featured_media":0,"comment_status":"open","ping_status":"open","sticky":false,"template":"","format":"standard","meta":{"footnotes":""},"categories":[46],"tags":[],"class_list":["post-12019","post","type-post","status-publish","format-standard","hentry","category-desporto"],"_links":{"self":[{"href":"https:\/\/sites.ecclesia.pt\/cv\/wp-json\/wp\/v2\/posts\/12019","targetHints":{"allow":["GET"]}}],"collection":[{"href":"https:\/\/sites.ecclesia.pt\/cv\/wp-json\/wp\/v2\/posts"}],"about":[{"href":"https:\/\/sites.ecclesia.pt\/cv\/wp-json\/wp\/v2\/types\/post"}],"author":[{"embeddable":true,"href":"https:\/\/sites.ecclesia.pt\/cv\/wp-json\/wp\/v2\/users\/1"}],"replies":[{"embeddable":true,"href":"https:\/\/sites.ecclesia.pt\/cv\/wp-json\/wp\/v2\/comments?post=12019"}],"version-history":[{"count":0,"href":"https:\/\/sites.ecclesia.pt\/cv\/wp-json\/wp\/v2\/posts\/12019\/revisions"}],"wp:attachment":[{"href":"https:\/\/sites.ecclesia.pt\/cv\/wp-json\/wp\/v2\/media?parent=12019"}],"wp:term":[{"taxonomy":"category","embeddable":true,"href":"https:\/\/sites.ecclesia.pt\/cv\/wp-json\/wp\/v2\/categories?post=12019"},{"taxonomy":"post_tag","embeddable":true,"href":"https:\/\/sites.ecclesia.pt\/cv\/wp-json\/wp\/v2\/tags?post=12019"}],"curies":[{"name":"wp","href":"https:\/\/api.w.org\/{rel}","templated":true}]}}