{"id":12069,"date":"2008-04-17T12:06:00","date_gmt":"2008-04-17T12:06:00","guid":{"rendered":"http:\/\/localhost:81\/wp1\/?p=12069"},"modified":"2008-04-17T12:06:00","modified_gmt":"2008-04-17T12:06:00","slug":"um-lugar-de-portas-abertas","status":"publish","type":"post","link":"https:\/\/sites.ecclesia.pt\/cv\/um-lugar-de-portas-abertas\/","title":{"rendered":"Um lugar de portas abertas"},"content":{"rendered":"<p>Uma pedrada por semana <!--more--> Passei quinze dias em F\u00e1tima, por raz\u00f5es e actividades diversas. Cada dia se v\u00ea entrar no santu\u00e1rio muita gente. Nos s\u00e1bados e domingos s\u00e3o multid\u00e3o diversificada de todas as terras e regi\u00f5es, de todas as ra\u00e7as e l\u00ednguas, vinda de longe ou de perto. Gente que vem ver. Gente que vem rezar e reflectir. Gente que foge do barulho da semana para experimentar o sil\u00eancio que fala e o repouso que recupera.<\/p>\n<p>As manifesta\u00e7\u00f5es de religiosidade s\u00e3o as mais diversas, desde quem paga promessas, se isola debaixo de uma sombra em atitude orante, se esquece do tempo e fica horas na Capelinha ou na Capela da Adora\u00e7\u00e3o, quem visita a nova igreja ou se passeia, como turista, pela esplanada, quem participa em encontros, comemora\u00e7\u00f5es, retiros.<\/p>\n<p>Quem observa estas multid\u00f5es tenta, por vezes, perscrutar raz\u00f5es, indagar motivos, apreciar valores. Tudo em v\u00e3o. \u201cV\u00f3s, disse Jesus, vedes as apar\u00eancias, Eu conhe\u00e7o os cora\u00e7\u00f5es\u201d. Tudo dito.<\/p>\n<p>F\u00e1tima \u00e9 o lugar do imenso respeito por cada um. \u00c9 a preocupa\u00e7\u00e3o constante do que se diz, como se acolhe e orienta, do que se prop\u00f5e a quem vem ou a quem passa. O anonimato da vida, tamb\u00e9m motiva a ir a santu\u00e1rios. Aqui a Igreja s\u00f3 pode ser sempre m\u00e3e que acolhe e ensina, com o amor e a ternura de todas as m\u00e3es. F\u00e1tima \u00e9 uma casa de fam\u00edlia, de portas abertas, sempre com o sorriso acolhedor de Maria e a eloqu\u00eancia de vida dos pequenos pastorinhos. Tudo convida a ir mais al\u00e9m. Depende de cada um.<\/p>\n<p>Ant\u00f3nio Marcelino<\/p>\n","protected":false},"excerpt":{"rendered":"<p>Uma pedrada por semana<\/p>\n","protected":false},"author":1,"featured_media":0,"comment_status":"open","ping_status":"open","sticky":false,"template":"","format":"standard","meta":{"footnotes":""},"categories":[62],"tags":[],"class_list":["post-12069","post","type-post","status-publish","format-standard","hentry","category-opiniao"],"_links":{"self":[{"href":"https:\/\/sites.ecclesia.pt\/cv\/wp-json\/wp\/v2\/posts\/12069","targetHints":{"allow":["GET"]}}],"collection":[{"href":"https:\/\/sites.ecclesia.pt\/cv\/wp-json\/wp\/v2\/posts"}],"about":[{"href":"https:\/\/sites.ecclesia.pt\/cv\/wp-json\/wp\/v2\/types\/post"}],"author":[{"embeddable":true,"href":"https:\/\/sites.ecclesia.pt\/cv\/wp-json\/wp\/v2\/users\/1"}],"replies":[{"embeddable":true,"href":"https:\/\/sites.ecclesia.pt\/cv\/wp-json\/wp\/v2\/comments?post=12069"}],"version-history":[{"count":0,"href":"https:\/\/sites.ecclesia.pt\/cv\/wp-json\/wp\/v2\/posts\/12069\/revisions"}],"wp:attachment":[{"href":"https:\/\/sites.ecclesia.pt\/cv\/wp-json\/wp\/v2\/media?parent=12069"}],"wp:term":[{"taxonomy":"category","embeddable":true,"href":"https:\/\/sites.ecclesia.pt\/cv\/wp-json\/wp\/v2\/categories?post=12069"},{"taxonomy":"post_tag","embeddable":true,"href":"https:\/\/sites.ecclesia.pt\/cv\/wp-json\/wp\/v2\/tags?post=12069"}],"curies":[{"name":"wp","href":"https:\/\/api.w.org\/{rel}","templated":true}]}}