{"id":12075,"date":"2008-04-23T16:11:00","date_gmt":"2008-04-23T16:11:00","guid":{"rendered":"http:\/\/localhost:81\/wp1\/?p=12075"},"modified":"2008-04-23T16:11:00","modified_gmt":"2008-04-23T16:11:00","slug":"frases-da-semana-123","status":"publish","type":"post","link":"https:\/\/sites.ecclesia.pt\/cv\/frases-da-semana-123\/","title":{"rendered":"Frases da Semana"},"content":{"rendered":"<p>\u00c9 uma vergonha ver o catolicismo associado ao esc\u00e2ndalo dos padres ped\u00f3filos, embora seja de estranhar que essa aberra\u00e7\u00e3o tenha sido silenciada acerca de guias de outras religi\u00f5es. De qualquer forma, o Papa, ao partir para os EUA, ia disposto a nada silenciar, mesmo a responsabilidade da hierarquia cat\u00f3lica.<\/p>\n<p>Bento Domingues<\/p>\n<p>P\u00fablico, 20-04-08<\/p>\n<p>O Vaticano j\u00e1 tinha repreendido os bispos, mas faltava ter ido ter com as v\u00edtimas [de pedofilia de padres norte-americanos], para lhes restituir a esperan\u00e7a. Se o catolicismo n\u00e3o serve para restaurar a esperan\u00e7a, para que serve? (&#8230;) Que este gesto de disponibilidade de Bento XVI signifique tamb\u00e9m uma disponibilidade para a mudan\u00e7a. S\u00f3 a mudan\u00e7a restaura a confian\u00e7a.<\/p>\n<p>Pedro Mexia<\/p>\n<p>P\u00fablico, 19-04-08<\/p>\n<p>O socialismo n\u00e3o foi o que se pensava, mas o capitalismo tamb\u00e9m n\u00e3o \u00e9 o que parecia.<\/p>\n<p>Manuel Maria Carrilho<\/p>\n<p>Di\u00e1rio de Not\u00edcias, 19-04-08<\/p>\n<p>A liberdade religiosa implica a possibilidade real de praticar a f\u00e9, abandonar uma religi\u00e3o, adoptar outra ou nenhuma, problemas que ainda n\u00e3o encontraram a solu\u00e7\u00e3o em muitos pa\u00edses isl\u00e2micos e n\u00e3o s\u00f3 (&#8230;). S\u00e3o de saudar as conversa\u00e7\u00f5es em curso para finalmente se abrir um templo cat\u00f3lico na Ar\u00e1bia Saudita.<\/p>\n<p>Anselmo Borges<\/p>\n<p>Di\u00e1rio de Not\u00edcias, 19-04-08<\/p>\n<p>S\u00e3o precisas fronteiras claras entre a Esquerda e a Direita e n\u00e3o as h\u00e1.<\/p>\n<p>Manuel Alegre<\/p>\n<p>Jornal de Not\u00edcias, 19-04-08<\/p>\n<p>Se excluirmos as tentativas de alguns militantes e do PCP, nos anos da revolu\u00e7\u00e3o de 1974 e 1975, quem amea\u00e7ou a democracia foram sempre os democratas. Por incur\u00e1vel demagogia. Por m\u00e1 gest\u00e3o. Por incapacidade de decis\u00e3o. Por adiamento de reformas e iniciativas. Por sobreposi\u00e7\u00e3o dos interesses partid\u00e1rios e pessoais aos problemas do pa\u00eds. Por lutas intestinas in\u00fateis e perniciosas. Por desmedida ambi\u00e7\u00e3o de algumas pessoas. Por um grosseiro partidarismo. Por uma irreprim\u00edvel vaidade de alguns dirigentes. Pela complac\u00eancia perante a corrup\u00e7\u00e3o, a fraude, a irregularidade, o expediente.<\/p>\n<p>Ant\u00f3nio Barreto<\/p>\n<p>P\u00fablico, 20-04-08<\/p>\n<p>Na opini\u00e3o p\u00fablica est\u00e1 ancorada a ideia de que um pol\u00edtico \u00e9 uma pessoa capaz de pensar uma coisa, dizer outra e fazer uma diferente.<\/p>\n<p>Editorial<\/p>\n<p>Di\u00e1rio de Not\u00edcias, 20-04-08<\/p>\n","protected":false},"excerpt":{"rendered":"<p>\u00c9 uma vergonha ver o catolicismo associado ao esc\u00e2ndalo dos padres ped\u00f3filos, embora seja de estranhar que essa aberra\u00e7\u00e3o tenha sido silenciada acerca de guias de outras religi\u00f5es. De qualquer forma, o Papa, ao partir para os EUA, ia disposto a nada silenciar, mesmo a responsabilidade da hierarquia cat\u00f3lica. Bento Domingues P\u00fablico, 20-04-08 O Vaticano [&hellip;]<\/p>\n","protected":false},"author":1,"featured_media":0,"comment_status":"open","ping_status":"open","sticky":false,"template":"","format":"standard","meta":{"footnotes":""},"categories":[48],"tags":[],"class_list":["post-12075","post","type-post","status-publish","format-standard","hentry","category-espaco-comum"],"_links":{"self":[{"href":"https:\/\/sites.ecclesia.pt\/cv\/wp-json\/wp\/v2\/posts\/12075","targetHints":{"allow":["GET"]}}],"collection":[{"href":"https:\/\/sites.ecclesia.pt\/cv\/wp-json\/wp\/v2\/posts"}],"about":[{"href":"https:\/\/sites.ecclesia.pt\/cv\/wp-json\/wp\/v2\/types\/post"}],"author":[{"embeddable":true,"href":"https:\/\/sites.ecclesia.pt\/cv\/wp-json\/wp\/v2\/users\/1"}],"replies":[{"embeddable":true,"href":"https:\/\/sites.ecclesia.pt\/cv\/wp-json\/wp\/v2\/comments?post=12075"}],"version-history":[{"count":0,"href":"https:\/\/sites.ecclesia.pt\/cv\/wp-json\/wp\/v2\/posts\/12075\/revisions"}],"wp:attachment":[{"href":"https:\/\/sites.ecclesia.pt\/cv\/wp-json\/wp\/v2\/media?parent=12075"}],"wp:term":[{"taxonomy":"category","embeddable":true,"href":"https:\/\/sites.ecclesia.pt\/cv\/wp-json\/wp\/v2\/categories?post=12075"},{"taxonomy":"post_tag","embeddable":true,"href":"https:\/\/sites.ecclesia.pt\/cv\/wp-json\/wp\/v2\/tags?post=12075"}],"curies":[{"name":"wp","href":"https:\/\/api.w.org\/{rel}","templated":true}]}}