{"id":12148,"date":"2008-04-30T15:15:00","date_gmt":"2008-04-30T15:15:00","guid":{"rendered":"http:\/\/localhost:81\/wp1\/?p=12148"},"modified":"2008-04-30T15:15:00","modified_gmt":"2008-04-30T15:15:00","slug":"senti-me-bem-no-meio-de-vos","status":"publish","type":"post","link":"https:\/\/sites.ecclesia.pt\/cv\/senti-me-bem-no-meio-de-vos\/","title":{"rendered":"&#8220;Senti-me bem no meio de v\u00f3s&#8221;"},"content":{"rendered":"<p>Bispo de Aveiro em visita pastoral a Veiros <!--more--> \u201cSenti-me bem no meio de v\u00f3s\u201d, afirmou D. Ant\u00f3nio Francisco \u00e0 comunidade de Veiros. \u201cSenti a dedica\u00e7\u00e3o do vosso trabalho\u201d, disse no decorrer da Eucaristia dominical, para, a seguir, invocar alguns momentos da semana anterior. \u201cCom que gosto recordo o jeito peculiar com que as crian\u00e7as falavam de Jesus na pr\u00e9-escola, saboreando o que as educadoras e professoras lhes diziam, ou o encontro de s\u00e1bado com todas as crian\u00e7as da catequese. Que belas mem\u00f3rias guardarei no meu cora\u00e7\u00e3o\u201d. Mas o Bispo de Aveiro lembrou igualmente que encontrou fam\u00edlias em que brotaram \u201cl\u00e1grimas de saudade\u201d, ao recordarem \u201cos filhos e netos ausentes na imigra\u00e7\u00e3o\u201d e que visitou doentes e idosos cansados, embora a comunidade v\u00e1 ao encontro dos seus doentes, em atitude de \u201csolicitude permanente\u201d e \u201cservi\u00e7o constante\u201d.<\/p>\n<p>D. Ant\u00f3nio Francisco crismou tr\u00eas dezenas de jovens e alguns adultos e, fazendo eco das leituras da Missa desse dia, convidou-os a serem ap\u00f3stolos que com determina\u00e7\u00e3o anunciam o Evangelho, sem ligarem a ofensas ou recusas.<\/p>\n<p>Na miss\u00e3o que disse ser de \u201cconfirma\u00e7\u00e3o e renova\u00e7\u00e3o da f\u00e9\u201d, o Bispo de Aveiro congratulou-se com a \u201chora de esperan\u00e7a vivida com do\u00e7ura, delicadeza e respeito por todos\u201d e conta com a comunidade para a \u201cnova evangeliza\u00e7\u00e3o\u201d que vai propor \u00e0 Diocese.<\/p>\n<p>D. Ant\u00f3nio Francisco prometeu voltar a Veiros no dia 24 de Agosto, dia do padroeiro, S\u00e3o Bartolomeu, e primeiro dia das comemora\u00e7\u00f5es do quarto centen\u00e1rio do in\u00edcio da constru\u00e7\u00e3o da actual igreja matriz (1608-1612).<\/p>\n<p>Agradecimento aos p\u00e1rocos<\/p>\n<p>No encerramento paroquial da visita pastoral (o encerramento inter-arciprestal est\u00e1 marcado para 18 de Maio, na S.ra do Monte, Salreu), com o Bispo de Aveiro e o p\u00e1roco, P.e Tom\u00e1s Marques Afonso, esteve o P.e Jos\u00e9 Henriques da Silva, que nos \u00faltimos sete anos assumiu a paroquialidade. D. Ant\u00f3nio Francisco agradeceu-lhe o trabalho realizado e recordou que a gratid\u00e3o da comunidade de algum modo ficou patente na atribui\u00e7\u00e3o do seu nome ao museu de arte sacra constitu\u00eddo nos anexos da igreja matriz.<\/p>\n<p>Do P.e Tom\u00e1s Marques Afonso, D. Ant\u00f3nio recordou o percurso sacerdotal e dirigiu-lhe um \u201cbem-haja em nome da comunidade paroquial e diocesana\u201d. Ordenado padre em 19 de Julho de 1959, na diocese de Aveiro, Tom\u00e1s Marques Afonso come\u00e7ou por paroquiar Couto de Esteves e Rocas do Vouga, tornando-se depois capel\u00e3o-militar, \u201cmas sem nunca deixar o contacto com as par\u00f3quias\u201d, como referiu ao Correio do Vouga. Nos \u00faltimos anos colaborava na arquidiocese de \u00c9vora. Comemora as bodas de ouro sacerdotais no pr\u00f3ximo ano.<\/p>\n<p>B\u00ean\u00e7\u00e3o da imagem de Santa Luzia<\/p>\n<p>No final de celebra\u00e7\u00e3o, D. Ant\u00f3nio Francisco benzeu a nova imagem da capela de Santa Luzia. A pe\u00e7a encerra uma hist\u00f3ria curiosa, como contou \u00e0 assembleia o P.e Jos\u00e9 Henriques.<\/p>\n<p>A imagem original, do s\u00e9c. XVI, foi roubada em 1990. Victor Bandeira, elemento destacado da par\u00f3quia de Veiros, resolveu posteriormente p\u00f4r na Internet uma foto e a not\u00edcia do seu desaparecimento. Ora, em Bel\u00e9m do Par\u00e1, Brasil, J\u00falio de Jesus Monteiro leu a not\u00edcia, porque a sua m\u00e3e tinha devo\u00e7\u00e3o por Santa Luzia, e resolveu oferecer a Veiros uma nova imagem. Reproduzida a partir da imagem que estava na Internet (ver www.santa.no.sapo.pt), a pe\u00e7a ficou mais pequena do que a original e com uma face pouco parecida. Veiros guardou essa imagem, mas resolveu pedir ao mesmo santeiro brasileiro que fizesse uma imagem de Santa Luzia com as caracter\u00edsticas da pe\u00e7a roubada \u2013 o que foi feito por 800 euros, um pre\u00e7o muito inferior ao praticado em Portugal. Depois de algumas dificuldades com a travessia do Atl\u00e2ntico, a imagem acabou por chegar a Avanca, por meio de conhecidos do P.e Jos\u00e9 Henriques, e pode agora ser posta na capela do lugar de Santa Luzia.<\/p>\n","protected":false},"excerpt":{"rendered":"<p>Bispo de Aveiro em visita pastoral a Veiros<\/p>\n","protected":false},"author":1,"featured_media":0,"comment_status":"open","ping_status":"open","sticky":false,"template":"","format":"standard","meta":{"footnotes":""},"categories":[70],"tags":[],"class_list":["post-12148","post","type-post","status-publish","format-standard","hentry","category-diocese"],"_links":{"self":[{"href":"https:\/\/sites.ecclesia.pt\/cv\/wp-json\/wp\/v2\/posts\/12148","targetHints":{"allow":["GET"]}}],"collection":[{"href":"https:\/\/sites.ecclesia.pt\/cv\/wp-json\/wp\/v2\/posts"}],"about":[{"href":"https:\/\/sites.ecclesia.pt\/cv\/wp-json\/wp\/v2\/types\/post"}],"author":[{"embeddable":true,"href":"https:\/\/sites.ecclesia.pt\/cv\/wp-json\/wp\/v2\/users\/1"}],"replies":[{"embeddable":true,"href":"https:\/\/sites.ecclesia.pt\/cv\/wp-json\/wp\/v2\/comments?post=12148"}],"version-history":[{"count":0,"href":"https:\/\/sites.ecclesia.pt\/cv\/wp-json\/wp\/v2\/posts\/12148\/revisions"}],"wp:attachment":[{"href":"https:\/\/sites.ecclesia.pt\/cv\/wp-json\/wp\/v2\/media?parent=12148"}],"wp:term":[{"taxonomy":"category","embeddable":true,"href":"https:\/\/sites.ecclesia.pt\/cv\/wp-json\/wp\/v2\/categories?post=12148"},{"taxonomy":"post_tag","embeddable":true,"href":"https:\/\/sites.ecclesia.pt\/cv\/wp-json\/wp\/v2\/tags?post=12148"}],"curies":[{"name":"wp","href":"https:\/\/api.w.org\/{rel}","templated":true}]}}