{"id":12159,"date":"2008-04-30T15:35:00","date_gmt":"2008-04-30T15:35:00","guid":{"rendered":"http:\/\/localhost:81\/wp1\/?p=12159"},"modified":"2008-04-30T15:35:00","modified_gmt":"2008-04-30T15:35:00","slug":"camara-municipal-prepara-programa-que-reuna-as-diversas-comemoracoes-de-2009","status":"publish","type":"post","link":"https:\/\/sites.ecclesia.pt\/cv\/camara-municipal-prepara-programa-que-reuna-as-diversas-comemoracoes-de-2009\/","title":{"rendered":"C\u00e2mara Municipal prepara programa que re\u00fana as diversas comemora\u00e7\u00f5es de 2009"},"content":{"rendered":"<p>250 anos da eleva\u00e7\u00e3o de Aveiro a cidade <!--more--> No pr\u00f3ximo ano, ir\u00e1 decorrer o 250\u00ba anivers\u00e1rio da eleva\u00e7\u00e3o de Aveiro \u00e0 categoria de cidade, evento que a C\u00e2mara Municipal ir\u00e1 assinalar, tendo criado um Secretariado Permanente e a Comiss\u00e3o Executiva \u201cAveiro 250 anos\u201d, equipas que est\u00e3o a trabalhar na elabora\u00e7\u00e3o do respectivo programa comemorativo.<\/p>\n<p>De acordo com a autarquia aveirense, o programa comemorativo dever\u00e1 abranger uma estrat\u00e9gia integradora de efem\u00e9rides e actividades previstas para 2009, inventariando e mobilizando o existente e outras ac\u00e7\u00f5es. Para al\u00e9m da passagem do 250\u00ba anivers\u00e1rio da eleva\u00e7\u00e3o a cidade, em 2009 ser\u00e3o assinalados ainda outras datas hist\u00f3ricas e relevantes para Aveiro, nomeadamente os 1050 anos da primeira refer\u00eancia escrita a Aveiro e os 200 anos do nascimento de duas importantes personalidades aveirenses: Jos\u00e9 Est\u00eav\u00e3o e Manuel Jos\u00e9 Mendes Leite.<\/p>\n<p>Como o programa comemorativo desse conjunto de eventos tem por tema a cidade de Aveiro, a C\u00e2mara Municipal pretende envolver toda a comunidade, os agentes culturais e desportivos, as escolas, as juntas de freguesia, incentivando-os a participarem com as actividades propostas nesse programa comemorativo, do qual far\u00e3o parte edi\u00e7\u00f5es de obras, exposi\u00e7\u00f5es, concertos, espect\u00e1culos, col\u00f3quios, congressos, entre outras ac\u00e7\u00f5es que decorrer\u00e3o em diferentes espa\u00e7os municipais e tamb\u00e9m nas freguesias. O programa pretende ainda fomentar e estruturar a co-participa\u00e7\u00e3o dos cidad\u00e3os, do movimento associativo e demais entidades p\u00fablicas ou civis nesse projecto comemorativo.<\/p>\n<p>De salientar que as comemora\u00e7\u00f5es dos 250 anos da eleva\u00e7\u00e3o de Aveiro a cidade, bem como os anivers\u00e1rios de um vasto conjunto de efem\u00e9rides que ir\u00e3o ocorrer em 2009 foi desencadeado, em meados do ano passado, por um movimento que abrange cerca de tr\u00eas dezenas de associa\u00e7\u00f5es do concelho, liderado por Paulo Rebocho, um \u201cveterano\u201d dirigente associativo aveirense.<\/p>\n<p>C.F.<\/p>\n","protected":false},"excerpt":{"rendered":"<p>250 anos da eleva\u00e7\u00e3o de Aveiro a cidade<\/p>\n","protected":false},"author":1,"featured_media":0,"comment_status":"open","ping_status":"open","sticky":false,"template":"","format":"standard","meta":{"footnotes":""},"categories":[45],"tags":[],"class_list":["post-12159","post","type-post","status-publish","format-standard","hentry","category-regioes"],"_links":{"self":[{"href":"https:\/\/sites.ecclesia.pt\/cv\/wp-json\/wp\/v2\/posts\/12159","targetHints":{"allow":["GET"]}}],"collection":[{"href":"https:\/\/sites.ecclesia.pt\/cv\/wp-json\/wp\/v2\/posts"}],"about":[{"href":"https:\/\/sites.ecclesia.pt\/cv\/wp-json\/wp\/v2\/types\/post"}],"author":[{"embeddable":true,"href":"https:\/\/sites.ecclesia.pt\/cv\/wp-json\/wp\/v2\/users\/1"}],"replies":[{"embeddable":true,"href":"https:\/\/sites.ecclesia.pt\/cv\/wp-json\/wp\/v2\/comments?post=12159"}],"version-history":[{"count":0,"href":"https:\/\/sites.ecclesia.pt\/cv\/wp-json\/wp\/v2\/posts\/12159\/revisions"}],"wp:attachment":[{"href":"https:\/\/sites.ecclesia.pt\/cv\/wp-json\/wp\/v2\/media?parent=12159"}],"wp:term":[{"taxonomy":"category","embeddable":true,"href":"https:\/\/sites.ecclesia.pt\/cv\/wp-json\/wp\/v2\/categories?post=12159"},{"taxonomy":"post_tag","embeddable":true,"href":"https:\/\/sites.ecclesia.pt\/cv\/wp-json\/wp\/v2\/tags?post=12159"}],"curies":[{"name":"wp","href":"https:\/\/api.w.org\/{rel}","templated":true}]}}