{"id":1223,"date":"2010-04-15T16:22:00","date_gmt":"2010-04-15T16:22:00","guid":{"rendered":"http:\/\/localhost:81\/wp1\/?p=1223"},"modified":"2010-04-15T16:22:00","modified_gmt":"2010-04-15T16:22:00","slug":"sean-riley-the-slowriders-no-teatro-aveirense","status":"publish","type":"post","link":"https:\/\/sites.ecclesia.pt\/cv\/sean-riley-the-slowriders-no-teatro-aveirense\/","title":{"rendered":"Sean Riley &#038; the Slowriders no Teatro Aveirense"},"content":{"rendered":"<p>\u201cFarewell\u201d representou uma das melhores estreias dos \u00faltimos anos. Agora Sean Riley &#038; the Slowriders est\u00e3o de regresso com \u201cOnly Time Will Tell\u201d, mais um inspirado conjunto de can\u00e7\u00f5es a balan\u00e7ar entre o blues rock e o mais contagioso pop. Para comprovar no Teatro Aveirense, no dia 15 de Abril, \u00e0s 22h. Bilhetes a 8 euros.<\/p>\n","protected":false},"excerpt":{"rendered":"<p>\u201cFarewell\u201d representou uma das melhores estreias dos \u00faltimos anos. Agora Sean Riley &#038; the Slowriders est\u00e3o de regresso com \u201cOnly Time Will Tell\u201d, mais um inspirado conjunto de can\u00e7\u00f5es a balan\u00e7ar entre o blues rock e o mais contagioso pop. Para comprovar no Teatro Aveirense, no dia 15 de Abril, \u00e0s 22h. Bilhetes a 8 [&hellip;]<\/p>\n","protected":false},"author":1,"featured_media":0,"comment_status":"open","ping_status":"open","sticky":false,"template":"","format":"standard","meta":{"footnotes":""},"categories":[67],"tags":[],"class_list":["post-1223","post","type-post","status-publish","format-standard","hentry","category-ver-ouvir-sair"],"_links":{"self":[{"href":"https:\/\/sites.ecclesia.pt\/cv\/wp-json\/wp\/v2\/posts\/1223","targetHints":{"allow":["GET"]}}],"collection":[{"href":"https:\/\/sites.ecclesia.pt\/cv\/wp-json\/wp\/v2\/posts"}],"about":[{"href":"https:\/\/sites.ecclesia.pt\/cv\/wp-json\/wp\/v2\/types\/post"}],"author":[{"embeddable":true,"href":"https:\/\/sites.ecclesia.pt\/cv\/wp-json\/wp\/v2\/users\/1"}],"replies":[{"embeddable":true,"href":"https:\/\/sites.ecclesia.pt\/cv\/wp-json\/wp\/v2\/comments?post=1223"}],"version-history":[{"count":0,"href":"https:\/\/sites.ecclesia.pt\/cv\/wp-json\/wp\/v2\/posts\/1223\/revisions"}],"wp:attachment":[{"href":"https:\/\/sites.ecclesia.pt\/cv\/wp-json\/wp\/v2\/media?parent=1223"}],"wp:term":[{"taxonomy":"category","embeddable":true,"href":"https:\/\/sites.ecclesia.pt\/cv\/wp-json\/wp\/v2\/categories?post=1223"},{"taxonomy":"post_tag","embeddable":true,"href":"https:\/\/sites.ecclesia.pt\/cv\/wp-json\/wp\/v2\/tags?post=1223"}],"curies":[{"name":"wp","href":"https:\/\/api.w.org\/{rel}","templated":true}]}}