{"id":12232,"date":"2008-05-07T14:40:00","date_gmt":"2008-05-07T14:40:00","guid":{"rendered":"http:\/\/localhost:81\/wp1\/?p=12232"},"modified":"2008-05-07T14:40:00","modified_gmt":"2008-05-07T14:40:00","slug":"janela-aberta-para-o-santuario-de-fatima","status":"publish","type":"post","link":"https:\/\/sites.ecclesia.pt\/cv\/janela-aberta-para-o-santuario-de-fatima\/","title":{"rendered":"Janela aberta para o Santu\u00e1rio de F\u00e1tima"},"content":{"rendered":"<p>MULTIM\u00c9DIA &#8211; http:\/\/www.santuario-fatima.pt\/ <!--more--> Ao iniciarmos o m\u00eas de Maio, n\u00e3o poderia deixar de sugerir a visita a um s\u00edtio que estivesse relacionado com a m\u00e3e de Jesus e m\u00e3e da Igreja. Assim sendo, esta semana apresento o s\u00edtio oficial de um dos maiores santu\u00e1rios marianos, o Santu\u00e1rio de F\u00e1tima.<\/p>\n<p>Na p\u00e1gina de entrada, acedemos, como \u00e9 h\u00e1bito em qualquer portal, \u00e0s not\u00edcias e destaques mais actualizados. Al\u00e9m disso, o menu lateral poder\u00e1 proporcionar ao visitante uma vasta e alargada experi\u00eancia de conhecimento e interioriza\u00e7\u00e3o do trabalho enorme que vai sendo realizado naquele extraordin\u00e1rio santu\u00e1rio. Pois bem, iremos ent\u00e3o percorrer algumas dessas op\u00e7\u00f5es que est\u00e3o dispon\u00edveis. <\/p>\n<p>Na primeira op\u00e7\u00e3o, \u201cHist\u00f3ria\u201d, temos acesso ao historial dos videntes de F\u00e1tima, desde as apari\u00e7\u00f5es at\u00e9 \u00e0s mem\u00f3rias da irm\u00e3 L\u00facia, passando naturalmente pelo processo de beatifica\u00e7\u00e3o e demais registos hist\u00f3ricos. Este \u00e9, de facto, um espa\u00e7o importante para quem quiser ficar a conhecer com rigor um pouco de hist\u00f3ria. De seguida, acedemos a um dos mais importantes itens &#8211; o da \u201cMensagem de F\u00e1tima\u201d. Digo mais importante porque, certamente muitos de n\u00f3s vamos a F\u00e1tima mas poucos conhecemos na realidade qual \u00e9 a sua mensagem &#8211; \u201cA Mensagem de F\u00e1tima \u00e9 um convite e uma escola de salva\u00e7\u00e3o\u201d. Mais abaixo, na op\u00e7\u00e3o \u201cLocais e Monumentos\u201d, acedemos aos monumentos que est\u00e3o dentro do santu\u00e1rio (capelinha, capela lausperene, bas\u00edlica, \u00f3rg\u00e3o, azinheira, etc.) bem como aos locais \u00e0 volta do mesmo. No item \u201cPeregrinos a p\u00e9\u201d, obtemos informa\u00e7\u00f5es importantes acerca de como se deve peregrinar em seguran\u00e7a, at\u00e9 \u00e0 sua prepara\u00e7\u00e3o, bem como as etapas necess\u00e1rias para que esta jornada de f\u00e9 ocorra sem nenhum percal\u00e7o e com a verdadeira devo\u00e7\u00e3o e esp\u00edritualidade. Por \u00faltimo, destaco somente a op\u00e7\u00e3o \u201carquivos multim\u00e9dia\u201d, onde podemos aceder a uma quantidade enorme de fotografias dos diversos acontecimentos que v\u00e3o ocorrendo ao longo dos tempos e ainda o registo \u00e1udio das principais can\u00e7\u00f5es marianas.<\/p>\n<p>Fica aqui ent\u00e3o a sugest\u00e3o para prepararmos melhor este m\u00eas e ficarmos assim a conhecer um pouco melhor um dos mais importantes santu\u00e1rios marianos.<\/p>\n<p>CLASSIFICA\u00c7\u00c3O (0-5): *****<\/p>\n<p>A MANTER: Actualiza\u00e7\u00f5es; Multilingue; Design simples;<\/p>\n<p>A MUDAR: Conte\u00fados multim\u00e9dia; Conjuga\u00e7\u00e3o das cores.<\/p>\n<p>Fernando Cassola Marques<\/p>\n","protected":false},"excerpt":{"rendered":"<p>MULTIM\u00c9DIA &#8211; http:\/\/www.santuario-fatima.pt\/<\/p>\n","protected":false},"author":1,"featured_media":0,"comment_status":"open","ping_status":"open","sticky":false,"template":"","format":"standard","meta":{"footnotes":""},"categories":[66],"tags":[],"class_list":["post-12232","post","type-post","status-publish","format-standard","hentry","category-cultura"],"_links":{"self":[{"href":"https:\/\/sites.ecclesia.pt\/cv\/wp-json\/wp\/v2\/posts\/12232","targetHints":{"allow":["GET"]}}],"collection":[{"href":"https:\/\/sites.ecclesia.pt\/cv\/wp-json\/wp\/v2\/posts"}],"about":[{"href":"https:\/\/sites.ecclesia.pt\/cv\/wp-json\/wp\/v2\/types\/post"}],"author":[{"embeddable":true,"href":"https:\/\/sites.ecclesia.pt\/cv\/wp-json\/wp\/v2\/users\/1"}],"replies":[{"embeddable":true,"href":"https:\/\/sites.ecclesia.pt\/cv\/wp-json\/wp\/v2\/comments?post=12232"}],"version-history":[{"count":0,"href":"https:\/\/sites.ecclesia.pt\/cv\/wp-json\/wp\/v2\/posts\/12232\/revisions"}],"wp:attachment":[{"href":"https:\/\/sites.ecclesia.pt\/cv\/wp-json\/wp\/v2\/media?parent=12232"}],"wp:term":[{"taxonomy":"category","embeddable":true,"href":"https:\/\/sites.ecclesia.pt\/cv\/wp-json\/wp\/v2\/categories?post=12232"},{"taxonomy":"post_tag","embeddable":true,"href":"https:\/\/sites.ecclesia.pt\/cv\/wp-json\/wp\/v2\/tags?post=12232"}],"curies":[{"name":"wp","href":"https:\/\/api.w.org\/{rel}","templated":true}]}}