{"id":12234,"date":"2008-05-07T14:43:00","date_gmt":"2008-05-07T14:43:00","guid":{"rendered":"http:\/\/localhost:81\/wp1\/?p=12234"},"modified":"2008-05-07T14:43:00","modified_gmt":"2008-05-07T14:43:00","slug":"conferencias-biologia-na-noite","status":"publish","type":"post","link":"https:\/\/sites.ecclesia.pt\/cv\/conferencias-biologia-na-noite\/","title":{"rendered":"Confer\u00eancias &#8220;Biologia na Noite&#8221;"},"content":{"rendered":"<p>Novamente no Centro Cultural e de Congressos <!--more--> A s\u00e9tima edi\u00e7\u00e3o do ciclo de confer\u00eancias \u201cBiologia na Noite\u201d teve ontem o seu in\u00edcio, no Centro Cultural e de Congressos de Aveiro, numa iniciativa do Departamento de Biologia da Universidade de Aveiro, que, este ano, conta com a colabora\u00e7\u00e3o musical do Departamento de Comunica\u00e7\u00e3o e Arte daquela universidade.<\/p>\n<p>Desde a primeira edi\u00e7\u00e3o que \u201cBiologia na Noite\u201d se tenta afirmar n\u00e3o s\u00f3 como um evento de divulga\u00e7\u00e3o das coisas da Biologia e das Ci\u00eancias da Vida, mas tamb\u00e9m como um acto cultural na noite de Aveiro, quer pela sua \u00edntima liga\u00e7\u00e3o \u00e0 m\u00fasica quer pelas pontes que se foram lan\u00e7ando a outros ramos da Ci\u00eancia com impacto nas ci\u00eancias biol\u00f3gicas.<\/p>\n<p>Na pr\u00f3xima ter\u00e7a-feira, o tema em foco ser\u00e1 \u201cO carcinoma do est\u00f4mago \u2013 um modelo de cancro gen\u00e9tico-ambiental\u201d, que far\u00e1 uma incurs\u00e3o pela biologia ligada \u00e0 sa\u00fade humana e pelos aspectos relacionados com o cancro do est\u00f4mago. A oradora convidada ser\u00e1 Raquel Seruca, investigadora e coordenadora do grupo de gen\u00e9tica do cancro do IPATIMUP.<\/p>\n<p>No ano em que se comemora o 400\u00ba anivers\u00e1rio do nascimento do Padre Ant\u00f3nio Vieira, a \u201cBiologia na Noite\u201d associa-se, no dia 20 de Maio, \u00e0s comemora\u00e7\u00f5es, com confer\u00eancia \u201cPadre Ant\u00f3nio Vieira \u2013 os peixes e Santo Ant\u00f3nio\u201d, que ter\u00e1 como oradores os professores da Universidade de Aveiro F\u00e1tima Al-buquerque (doutorada em Literatura) e Jos\u00e9 Eduardo Rebelo (doutorado em Biologia).<\/p>\n<p>No dia 27 de Maio, a confer\u00eancia ter\u00e1 por t\u00edtulo \u201cCianobact\u00e9rias \u2013 vida e morte num s\u00f3 organismo\u201d, e o orador ser\u00e1 V\u00edtor Vasconcelos, investigador do CIIMAR e da Faculdade de Ci\u00eancias da Universidade do Porto.<\/p>\n<p>Na \u00faltima confer\u00eancia, que decorrer\u00e1 no dia 3 de Junho, o conhecido bi\u00f3logo e bot\u00e2nico da Universidade de Coimbra, Jorge Paiva, apresentar\u00e1 o tema \u201cAs plantas b\u00edblicas e usan\u00e7as pr\u00e1ticas e lit\u00fargicas\u201d.<\/p>\n<p>As confer\u00eancias realizam-se sempre \u00e0 ter\u00e7a-feira, a partir das 21h30m, no Centro Cultural e de Congressos de Aveiro, e contam com uma componente musical por alunos dos cursos do Departamento de Comunica\u00e7\u00e3o e Arte da Universidade de Aveiro.<\/p>\n","protected":false},"excerpt":{"rendered":"<p>Novamente no Centro Cultural e de Congressos<\/p>\n","protected":false},"author":1,"featured_media":0,"comment_status":"open","ping_status":"open","sticky":false,"template":"","format":"standard","meta":{"footnotes":""},"categories":[66],"tags":[],"class_list":["post-12234","post","type-post","status-publish","format-standard","hentry","category-cultura"],"_links":{"self":[{"href":"https:\/\/sites.ecclesia.pt\/cv\/wp-json\/wp\/v2\/posts\/12234","targetHints":{"allow":["GET"]}}],"collection":[{"href":"https:\/\/sites.ecclesia.pt\/cv\/wp-json\/wp\/v2\/posts"}],"about":[{"href":"https:\/\/sites.ecclesia.pt\/cv\/wp-json\/wp\/v2\/types\/post"}],"author":[{"embeddable":true,"href":"https:\/\/sites.ecclesia.pt\/cv\/wp-json\/wp\/v2\/users\/1"}],"replies":[{"embeddable":true,"href":"https:\/\/sites.ecclesia.pt\/cv\/wp-json\/wp\/v2\/comments?post=12234"}],"version-history":[{"count":0,"href":"https:\/\/sites.ecclesia.pt\/cv\/wp-json\/wp\/v2\/posts\/12234\/revisions"}],"wp:attachment":[{"href":"https:\/\/sites.ecclesia.pt\/cv\/wp-json\/wp\/v2\/media?parent=12234"}],"wp:term":[{"taxonomy":"category","embeddable":true,"href":"https:\/\/sites.ecclesia.pt\/cv\/wp-json\/wp\/v2\/categories?post=12234"},{"taxonomy":"post_tag","embeddable":true,"href":"https:\/\/sites.ecclesia.pt\/cv\/wp-json\/wp\/v2\/tags?post=12234"}],"curies":[{"name":"wp","href":"https:\/\/api.w.org\/{rel}","templated":true}]}}