{"id":12271,"date":"2008-05-14T17:17:00","date_gmt":"2008-05-14T17:17:00","guid":{"rendered":"http:\/\/localhost:81\/wp1\/?p=12271"},"modified":"2008-05-14T17:17:00","modified_gmt":"2008-05-14T17:17:00","slug":"com-santa-joana-aprendemos-caminhos-de-futuro","status":"publish","type":"post","link":"https:\/\/sites.ecclesia.pt\/cv\/com-santa-joana-aprendemos-caminhos-de-futuro\/","title":{"rendered":"&#8220;Com Santa Joana aprendemos caminhos de futuro&#8221;"},"content":{"rendered":"<p>Bispo de Aveiro, na Missa da Padroeira da Cidade e da Diocese: <!--more--> \u201cOlhando para o exemplo de Santa Joana, aprendemos caminhos de futuro na cidade e na Diocese\u201d, afirmou D. Ant\u00f3nio Francisco, na homilia da Missa da Padroeira, no dia 12 de Maio, que este ano teve lugar na Igreja da Miseric\u00f3rdia, uma vez que a S\u00e9 est\u00e1 impedida devido \u00e0s obras de conserva\u00e7\u00e3o. \u201cA excelsa infanta identificou-se de tal maneira com as terras do mar e da ria que sempre no cora\u00e7\u00e3o dos aveirenses h\u00e1 homenagem e gratid\u00e3o\u201d, notou.<\/p>\n<p>O Bispo de Aveiro invocou a op\u00e7\u00e3o de vida da Princesa, que deixou a corte de Lisboa para abra\u00e7ar a vida religiosa no Convento de Jesus, tendo-se dedicado aos pobres, para sublinhar o \u201ccaminho de servi\u00e7o permanente\u201d, \u201ccaminho a percorrer\u201d pela Diocese, especialmente durante este ano em que tem como prioridade o servi\u00e7o aos mais pobres. \u201cO exemplo de Santa Joana diz-nos que a Igreja nunca foi alheia ou indiferente ao mal da pobreza\u201d, afirmou. A Igreja tem de continuar a afirmar \u201co imperativo da justi\u00e7a\u201d e a viver a \u201cousadia da caridade\u201d que \u201cfaz de todos os homens e mulheres nossos irm\u00e3os\u201d.<\/p>\n<p>No \u00faltimo momento da celebra\u00e7\u00e3o lit\u00fargica, o Bispo de Aveiro investiu novos cavaleiros e novas aias da Irmandade de Santa Joana. Os jovens comprometeram-se a seguir o exemplo da Princesa. Antes, j\u00e1 D. Ant\u00f3nio afirmara que \u201ccelebrar Santa Joana ajuda a pensar na consagra\u00e7\u00e3o da juventude\u201d, notando que \u201ca fam\u00edlia \u00e9 a primeira escola da pedagogia da santidade\u201d. D. Ant\u00f3nio Francisco real\u00e7ou ainda que o primeiro bispo ap\u00f3s a restaura\u00e7\u00e3o, D. Jo\u00e3o Evangelista, se dedicou por inteiro ao Semin\u00e1rio, dando-lhe precisamente o nome de Santa Joana.<\/p>\n","protected":false},"excerpt":{"rendered":"<p>Bispo de Aveiro, na Missa da Padroeira da Cidade e da Diocese:<\/p>\n","protected":false},"author":1,"featured_media":0,"comment_status":"open","ping_status":"open","sticky":false,"template":"","format":"standard","meta":{"footnotes":""},"categories":[38],"tags":[],"class_list":["post-12271","post","type-post","status-publish","format-standard","hentry","category-destaque"],"_links":{"self":[{"href":"https:\/\/sites.ecclesia.pt\/cv\/wp-json\/wp\/v2\/posts\/12271","targetHints":{"allow":["GET"]}}],"collection":[{"href":"https:\/\/sites.ecclesia.pt\/cv\/wp-json\/wp\/v2\/posts"}],"about":[{"href":"https:\/\/sites.ecclesia.pt\/cv\/wp-json\/wp\/v2\/types\/post"}],"author":[{"embeddable":true,"href":"https:\/\/sites.ecclesia.pt\/cv\/wp-json\/wp\/v2\/users\/1"}],"replies":[{"embeddable":true,"href":"https:\/\/sites.ecclesia.pt\/cv\/wp-json\/wp\/v2\/comments?post=12271"}],"version-history":[{"count":0,"href":"https:\/\/sites.ecclesia.pt\/cv\/wp-json\/wp\/v2\/posts\/12271\/revisions"}],"wp:attachment":[{"href":"https:\/\/sites.ecclesia.pt\/cv\/wp-json\/wp\/v2\/media?parent=12271"}],"wp:term":[{"taxonomy":"category","embeddable":true,"href":"https:\/\/sites.ecclesia.pt\/cv\/wp-json\/wp\/v2\/categories?post=12271"},{"taxonomy":"post_tag","embeddable":true,"href":"https:\/\/sites.ecclesia.pt\/cv\/wp-json\/wp\/v2\/tags?post=12271"}],"curies":[{"name":"wp","href":"https:\/\/api.w.org\/{rel}","templated":true}]}}