{"id":12410,"date":"2008-06-04T10:23:00","date_gmt":"2008-06-04T10:23:00","guid":{"rendered":"http:\/\/localhost:81\/wp1\/?p=12410"},"modified":"2008-06-04T10:23:00","modified_gmt":"2008-06-04T10:23:00","slug":"papa-procura-aproximacao-a-moscovo","status":"publish","type":"post","link":"https:\/\/sites.ecclesia.pt\/cv\/papa-procura-aproximacao-a-moscovo\/","title":{"rendered":"Papa procura aproxima\u00e7\u00e3o a Moscovo"},"content":{"rendered":"<p>Bento XVI enviou uma carta ao Patriarca Ortodoxo de Moscovo, Alexis II, na qual manifesta o desejo de uma \u201ccomunh\u00e3o ainda mais profunda\u201d, para promover os \u201caut\u00eanticos valores crist\u00e3os\u201d.<\/p>\n<p>A missiva foi entregue pelo presidente do Conselho Pontif\u00edcio para a Promo\u00e7\u00e3o da Unidade dos Crist\u00e3os, Cardeal Walter Kasper, em visita \u00e0 R\u00fassia.<\/p>\n<p>O Papa destaca a \u201cproximidade crescente\u201d entre as duas Igrejas e os esfor\u00e7os de Alexis II no di\u00e1logo com os fi\u00e9is de outras religi\u00f5es. A carta encerra-se com uma ora\u00e7\u00e3o, pedindo que \u201co Senhor nos aproxime um do outro, para que possamos empreender o caminho para a plena comunh\u00e3o nele\u201d.<\/p>\n","protected":false},"excerpt":{"rendered":"<p>Bento XVI enviou uma carta ao Patriarca Ortodoxo de Moscovo, Alexis II, na qual manifesta o desejo de uma \u201ccomunh\u00e3o ainda mais profunda\u201d, para promover os \u201caut\u00eanticos valores crist\u00e3os\u201d. A missiva foi entregue pelo presidente do Conselho Pontif\u00edcio para a Promo\u00e7\u00e3o da Unidade dos Crist\u00e3os, Cardeal Walter Kasper, em visita \u00e0 R\u00fassia. O Papa destaca [&hellip;]<\/p>\n","protected":false},"author":1,"featured_media":0,"comment_status":"open","ping_status":"open","sticky":false,"template":"","format":"standard","meta":{"footnotes":""},"categories":[44],"tags":[],"class_list":["post-12410","post","type-post","status-publish","format-standard","hentry","category-igreja"],"_links":{"self":[{"href":"https:\/\/sites.ecclesia.pt\/cv\/wp-json\/wp\/v2\/posts\/12410","targetHints":{"allow":["GET"]}}],"collection":[{"href":"https:\/\/sites.ecclesia.pt\/cv\/wp-json\/wp\/v2\/posts"}],"about":[{"href":"https:\/\/sites.ecclesia.pt\/cv\/wp-json\/wp\/v2\/types\/post"}],"author":[{"embeddable":true,"href":"https:\/\/sites.ecclesia.pt\/cv\/wp-json\/wp\/v2\/users\/1"}],"replies":[{"embeddable":true,"href":"https:\/\/sites.ecclesia.pt\/cv\/wp-json\/wp\/v2\/comments?post=12410"}],"version-history":[{"count":0,"href":"https:\/\/sites.ecclesia.pt\/cv\/wp-json\/wp\/v2\/posts\/12410\/revisions"}],"wp:attachment":[{"href":"https:\/\/sites.ecclesia.pt\/cv\/wp-json\/wp\/v2\/media?parent=12410"}],"wp:term":[{"taxonomy":"category","embeddable":true,"href":"https:\/\/sites.ecclesia.pt\/cv\/wp-json\/wp\/v2\/categories?post=12410"},{"taxonomy":"post_tag","embeddable":true,"href":"https:\/\/sites.ecclesia.pt\/cv\/wp-json\/wp\/v2\/tags?post=12410"}],"curies":[{"name":"wp","href":"https:\/\/api.w.org\/{rel}","templated":true}]}}