{"id":12411,"date":"2008-06-04T10:24:00","date_gmt":"2008-06-04T10:24:00","guid":{"rendered":"http:\/\/localhost:81\/wp1\/?p=12411"},"modified":"2008-06-04T10:24:00","modified_gmt":"2008-06-04T10:24:00","slug":"arcebispo-de-kirkuk-contra-saida-dos-eua-do-iraque","status":"publish","type":"post","link":"https:\/\/sites.ecclesia.pt\/cv\/arcebispo-de-kirkuk-contra-saida-dos-eua-do-iraque\/","title":{"rendered":"Arcebispo de Kirkuk contra sa\u00edda dos EUA do Iraque"},"content":{"rendered":"<p>O Arcebispo de Kirkuk, D. Louis Sako, defendeu que, \u201cse os norte-americanos deixassem o pa\u00eds, correr-se-ia o perigo de guerra civil\u201d bem como de uma divis\u00e3o do Iraque, devido \u00e0 influ\u00eancia dos pa\u00edses da \u00e1rea, como Ir\u00e3o, S\u00edria e Turquia.<\/p>\n<p>A advert\u00eancia foi lan\u00e7ada em Mil\u00e3o, por ocasi\u00e3o da entrega do Pr\u00e9mio \u201cDefensor fidei\u201d, pelo bimestral cat\u00f3lico \u201cIl Timone\u201d. A distin\u00e7\u00e3o reconhece o compromisso do prelado em favor do di\u00e1logo inter-religioso.<\/p>\n<p>D. Lu\u00eds Sako salientou que \u2018\u2019a Igreja Caldeia \u00e9 a igreja das origens tamb\u00e9m para o Ocidente\u201d. \u201cHoje somos poucos, mas, se desaparec\u00eassemos, seria uma grande perda para o Ocidente, mas tamb\u00e9m para o mundo mu\u00e7ulmano\u201d, afirmou.<\/p>\n","protected":false},"excerpt":{"rendered":"<p>O Arcebispo de Kirkuk, D. Louis Sako, defendeu que, \u201cse os norte-americanos deixassem o pa\u00eds, correr-se-ia o perigo de guerra civil\u201d bem como de uma divis\u00e3o do Iraque, devido \u00e0 influ\u00eancia dos pa\u00edses da \u00e1rea, como Ir\u00e3o, S\u00edria e Turquia. A advert\u00eancia foi lan\u00e7ada em Mil\u00e3o, por ocasi\u00e3o da entrega do Pr\u00e9mio \u201cDefensor fidei\u201d, pelo [&hellip;]<\/p>\n","protected":false},"author":1,"featured_media":0,"comment_status":"open","ping_status":"open","sticky":false,"template":"","format":"standard","meta":{"footnotes":""},"categories":[44],"tags":[],"class_list":["post-12411","post","type-post","status-publish","format-standard","hentry","category-igreja"],"_links":{"self":[{"href":"https:\/\/sites.ecclesia.pt\/cv\/wp-json\/wp\/v2\/posts\/12411","targetHints":{"allow":["GET"]}}],"collection":[{"href":"https:\/\/sites.ecclesia.pt\/cv\/wp-json\/wp\/v2\/posts"}],"about":[{"href":"https:\/\/sites.ecclesia.pt\/cv\/wp-json\/wp\/v2\/types\/post"}],"author":[{"embeddable":true,"href":"https:\/\/sites.ecclesia.pt\/cv\/wp-json\/wp\/v2\/users\/1"}],"replies":[{"embeddable":true,"href":"https:\/\/sites.ecclesia.pt\/cv\/wp-json\/wp\/v2\/comments?post=12411"}],"version-history":[{"count":0,"href":"https:\/\/sites.ecclesia.pt\/cv\/wp-json\/wp\/v2\/posts\/12411\/revisions"}],"wp:attachment":[{"href":"https:\/\/sites.ecclesia.pt\/cv\/wp-json\/wp\/v2\/media?parent=12411"}],"wp:term":[{"taxonomy":"category","embeddable":true,"href":"https:\/\/sites.ecclesia.pt\/cv\/wp-json\/wp\/v2\/categories?post=12411"},{"taxonomy":"post_tag","embeddable":true,"href":"https:\/\/sites.ecclesia.pt\/cv\/wp-json\/wp\/v2\/tags?post=12411"}],"curies":[{"name":"wp","href":"https:\/\/api.w.org\/{rel}","templated":true}]}}