{"id":1262,"date":"2010-04-21T16:05:00","date_gmt":"2010-04-21T16:05:00","guid":{"rendered":"http:\/\/localhost:81\/wp1\/?p=1262"},"modified":"2010-04-21T16:05:00","modified_gmt":"2010-04-21T16:05:00","slug":"mostra-de-percursos-de-formacao-no-colegio-de-bustos","status":"publish","type":"post","link":"https:\/\/sites.ecclesia.pt\/cv\/mostra-de-percursos-de-formacao-no-colegio-de-bustos\/","title":{"rendered":"Mostra de Percursos de Forma\u00e7\u00e3o no Col\u00e9gio de Bustos"},"content":{"rendered":"<p>Breve <!--more--> Realiza-se durante o dia de amanh\u00e3, 22, no Instituto de Promo\u00e7\u00e3o Social da Bairrada (Col\u00e9gio do Frei Gil), em Bustos, uma Mostra de Percursos de Forma\u00e7\u00e3o. A iniciativa \u00e9 promovida pelo Gabinete de Psicologia e Servi\u00e7o Social para apoiar os alunos que no final do 9.\u00ba ano t\u00eam de escolher um percurso formativo. Participam na mostra entidades como universidades (Aveiro, Porto, Coimbra, Minho), Institutos, PSP, GNR, Defesa Nacional, entre outras. Atrav\u00e9s do jogo \u201cConhecer para Melhor Escolher\u201d os alunos v\u00e3o ficar a saber o que oferecem as institui\u00e7\u00f5es presentes.<\/p>\n","protected":false},"excerpt":{"rendered":"<p>Breve<\/p>\n","protected":false},"author":1,"featured_media":0,"comment_status":"open","ping_status":"open","sticky":false,"template":"","format":"standard","meta":{"footnotes":""},"categories":[45],"tags":[],"class_list":["post-1262","post","type-post","status-publish","format-standard","hentry","category-regioes"],"_links":{"self":[{"href":"https:\/\/sites.ecclesia.pt\/cv\/wp-json\/wp\/v2\/posts\/1262","targetHints":{"allow":["GET"]}}],"collection":[{"href":"https:\/\/sites.ecclesia.pt\/cv\/wp-json\/wp\/v2\/posts"}],"about":[{"href":"https:\/\/sites.ecclesia.pt\/cv\/wp-json\/wp\/v2\/types\/post"}],"author":[{"embeddable":true,"href":"https:\/\/sites.ecclesia.pt\/cv\/wp-json\/wp\/v2\/users\/1"}],"replies":[{"embeddable":true,"href":"https:\/\/sites.ecclesia.pt\/cv\/wp-json\/wp\/v2\/comments?post=1262"}],"version-history":[{"count":0,"href":"https:\/\/sites.ecclesia.pt\/cv\/wp-json\/wp\/v2\/posts\/1262\/revisions"}],"wp:attachment":[{"href":"https:\/\/sites.ecclesia.pt\/cv\/wp-json\/wp\/v2\/media?parent=1262"}],"wp:term":[{"taxonomy":"category","embeddable":true,"href":"https:\/\/sites.ecclesia.pt\/cv\/wp-json\/wp\/v2\/categories?post=1262"},{"taxonomy":"post_tag","embeddable":true,"href":"https:\/\/sites.ecclesia.pt\/cv\/wp-json\/wp\/v2\/tags?post=1262"}],"curies":[{"name":"wp","href":"https:\/\/api.w.org\/{rel}","templated":true}]}}