{"id":12826,"date":"2008-07-30T16:10:00","date_gmt":"2008-07-30T16:10:00","guid":{"rendered":"http:\/\/localhost:81\/wp1\/?p=12826"},"modified":"2008-07-30T16:10:00","modified_gmt":"2008-07-30T16:10:00","slug":"cardeal-apela-a-unidade-nacional-na-belgica","status":"publish","type":"post","link":"https:\/\/sites.ecclesia.pt\/cv\/cardeal-apela-a-unidade-nacional-na-belgica\/","title":{"rendered":"Cardeal apela \u00e0 unidade nacional na B\u00e9lgica"},"content":{"rendered":"<p>O Cardeal Godfried Danneels, Arcebispo de Bruxelas, lan\u00e7ou na semana passada um apelo em favor da unidade do povo belga, durante a Missa celebrada por ocasi\u00e3o da Festa Nacional do pa\u00eds.<\/p>\n<p>Este respons\u00e1vel pediu uma maior compreens\u00e3o entre as comunidades nacionais, independentemente das diferen\u00e7as existentes. O Cardeal Danneels falou ap\u00f3s o discurso do rei Alberto II que, em mensagem \u00e0 na\u00e7\u00e3o, exortou flamengos e franc\u00f3fonos \u00e0 uni\u00e3o e \u00e0 toler\u00e2ncia.<\/p>\n<p>Alberto II da B\u00e9lgica recusara na semana anterior a demiss\u00e3o do primeiro-ministro, Yves Leterme, e pedira ao executivo que procure \u201cao m\u00e1ximo\u201d resolver os problemas pol\u00edticos e institucionais do pa\u00eds.<\/p>\n","protected":false},"excerpt":{"rendered":"<p>O Cardeal Godfried Danneels, Arcebispo de Bruxelas, lan\u00e7ou na semana passada um apelo em favor da unidade do povo belga, durante a Missa celebrada por ocasi\u00e3o da Festa Nacional do pa\u00eds. Este respons\u00e1vel pediu uma maior compreens\u00e3o entre as comunidades nacionais, independentemente das diferen\u00e7as existentes. O Cardeal Danneels falou ap\u00f3s o discurso do rei Alberto [&hellip;]<\/p>\n","protected":false},"author":1,"featured_media":0,"comment_status":"open","ping_status":"open","sticky":false,"template":"","format":"standard","meta":{"footnotes":""},"categories":[44],"tags":[],"class_list":["post-12826","post","type-post","status-publish","format-standard","hentry","category-igreja"],"_links":{"self":[{"href":"https:\/\/sites.ecclesia.pt\/cv\/wp-json\/wp\/v2\/posts\/12826","targetHints":{"allow":["GET"]}}],"collection":[{"href":"https:\/\/sites.ecclesia.pt\/cv\/wp-json\/wp\/v2\/posts"}],"about":[{"href":"https:\/\/sites.ecclesia.pt\/cv\/wp-json\/wp\/v2\/types\/post"}],"author":[{"embeddable":true,"href":"https:\/\/sites.ecclesia.pt\/cv\/wp-json\/wp\/v2\/users\/1"}],"replies":[{"embeddable":true,"href":"https:\/\/sites.ecclesia.pt\/cv\/wp-json\/wp\/v2\/comments?post=12826"}],"version-history":[{"count":0,"href":"https:\/\/sites.ecclesia.pt\/cv\/wp-json\/wp\/v2\/posts\/12826\/revisions"}],"wp:attachment":[{"href":"https:\/\/sites.ecclesia.pt\/cv\/wp-json\/wp\/v2\/media?parent=12826"}],"wp:term":[{"taxonomy":"category","embeddable":true,"href":"https:\/\/sites.ecclesia.pt\/cv\/wp-json\/wp\/v2\/categories?post=12826"},{"taxonomy":"post_tag","embeddable":true,"href":"https:\/\/sites.ecclesia.pt\/cv\/wp-json\/wp\/v2\/tags?post=12826"}],"curies":[{"name":"wp","href":"https:\/\/api.w.org\/{rel}","templated":true}]}}