{"id":12827,"date":"2008-07-30T16:12:00","date_gmt":"2008-07-30T16:12:00","guid":{"rendered":"http:\/\/localhost:81\/wp1\/?p=12827"},"modified":"2008-07-30T16:12:00","modified_gmt":"2008-07-30T16:12:00","slug":"papa-reaparece-em-publico-depois-da-australia","status":"publish","type":"post","link":"https:\/\/sites.ecclesia.pt\/cv\/papa-reaparece-em-publico-depois-da-australia\/","title":{"rendered":"Papa reaparece em p\u00fablico depois da Austr\u00e1lia"},"content":{"rendered":"<p>Bento XVI lembrou \u00abjovens peregrinos do mundo\u00bb e deseja boas f\u00e9rias antes de partir para os Alpes<\/p>\n<p>Bento XVI reapareceu em p\u00fablico este Domingo, ap\u00f3s a longa viagem apost\u00f3lica que o levou \u00e0 Austr\u00e1lia de 12 a 21 deste m\u00eas. No Angelus, recitado no Pal\u00e1cio Apost\u00f3lico de Castel Gandolfo, arredores de Roma, o Papa recordou os \u201cjovens peregrinos do mundo\u201d que foram a Sidney e desejou boas f\u00e9rias antes de partir para os Alpes italianos, onde permanecer\u00e1 num per\u00edodo de repouso at\u00e9 11 de Agosto.<\/p>\n<p>Lembrando a XXIII Jornada Mundial da Juventude, Bento XVI declarou conservar \u201cainda nos olhos e no cora\u00e7\u00e3o esta extraordin\u00e1ria experi\u00eancia\u201d, em que lhe foi dado \u201cencontrar o rosto jovem da Igreja\u201d: \u201cEra como um mosaico multicolor, formado por rapazes e raparigas provenientes de todas as partes da terra, todos reunidos pela \u00fanica f\u00e9 em Jesus Cristo\u201d. <\/p>\n<p>\u201c\u00abYoung prilgrims of the world\u00bb \u2013 jovens peregrinos do mundo, assim lhes chamavam as pessoas, com uma bela express\u00e3o que capta o essencial desta Jornadas internacionais iniciadas por Jo\u00e3o Paulo II. De facto, estes Encontros constituem etapas de uma grande peregrina\u00e7\u00e3o atrav\u00e9s do planeta, para manifestar como a f\u00e9 em Cristo nos torna todos filhos do \u00fanico Pai que est\u00e1 nos c\u00e9us, e construtores da civiliza\u00e7\u00e3o do amor\u201d, acrescentou.<\/p>\n<p>O Papa sublinhou que a \u201ccaracter\u00edstica pr\u00f3pria\u201d do encontro de Sidney foi a \u201ctomada de consci\u00eancia da centralidade do Esp\u00edrito Santo, protagonista da vida da Igreja e do crist\u00e3o\u201d e recordou que a Jornada Mundial foi precedida de um longo caminho de prepara\u00e7\u00e3o, nas Igrejas particulares, tendo como tema a promessa de Cristo ressuscitado: \u201cRecebereis a for\u00e7a do Esp\u00edrito Santo, que descer\u00e1 sobre v\u00f3s, e sereis minhas testemunhas\u201d. <\/p>\n<p>Esp\u00edrito Santo, <\/p>\n<p>for\u00e7a que transforma<\/p>\n<p>Foram evocados tamb\u00e9m os dois momentos culminantes das Jornadas de Sidney: a vig\u00edlia de S\u00e1bado \u00e0 noite, \u201cuma coral invoca\u00e7\u00e3o do Esp\u00edrito Santo\u201d, e a grande celebra\u00e7\u00e3o eucar\u00edstica de Domingo, em que o Papa administrou o Sacramento da Confirma\u00e7\u00e3o a 24 jovens de v\u00e1rios continentes. \u201cAssim, esta Jornada Mundial transformou-se num novo Pentecostes, do qual partiu de novo a miss\u00e3o dos jovens, chamados a ser ap\u00f3stolos dos seus colegas, como tantos santos e bem-aventurados, em particular o Beato Piergiorgio Frassati\u201d, indicou.<\/p>\n<p>\u201cTodos os jovens s\u00e3o convidados a seguir o seu exemplo, partilhando a experi\u00eancia pessoal de Jesus, que transforma a vida dos seus amigos, com a for\u00e7a do Esp\u00edrito Santo, o Esp\u00edrito do amor de Deus\u201d, concluiu.<\/p>\n<p>Ecclesia \/ R\u00e1dio Vaticano<\/p>\n<p>F\u00e9rias nos Alpes<\/p>\n<p>de fala alem\u00e3<\/p>\n<p>Bento XVI passar\u00e1 suas f\u00e9rias de Ver\u00e3o, de 28 de Julho a 11 de Agosto, na localidade tirolesa de Bressanone, da regi\u00e3o italiana de Trentino-Alto Adige. Bressanone (Brixen, em alem\u00e3o) \u00e9 uma pequena cidade com cerca de 20 mil habitantes, no noroeste da It\u00e1lia, na qual 75% da popula\u00e7\u00e3o tem como primeiro idioma o alem\u00e3o.<\/p>\n<p>O Papa ir\u00e1 hospedar-se no Semin\u00e1rio Maior de Bressanone, um edif\u00edcio hist\u00f3rico com mais de 400 anos. No programa s\u00f3 h\u00e1 dois acontecimentos oficiais: o Angelus de 3 e o de 10 de Agosto.<\/p>\n","protected":false},"excerpt":{"rendered":"<p>Bento XVI lembrou \u00abjovens peregrinos do mundo\u00bb e deseja boas f\u00e9rias antes de partir para os Alpes Bento XVI reapareceu em p\u00fablico este Domingo, ap\u00f3s a longa viagem apost\u00f3lica que o levou \u00e0 Austr\u00e1lia de 12 a 21 deste m\u00eas. No Angelus, recitado no Pal\u00e1cio Apost\u00f3lico de Castel Gandolfo, arredores de Roma, o Papa recordou [&hellip;]<\/p>\n","protected":false},"author":1,"featured_media":0,"comment_status":"open","ping_status":"open","sticky":false,"template":"","format":"standard","meta":{"footnotes":""},"categories":[44],"tags":[],"class_list":["post-12827","post","type-post","status-publish","format-standard","hentry","category-igreja"],"_links":{"self":[{"href":"https:\/\/sites.ecclesia.pt\/cv\/wp-json\/wp\/v2\/posts\/12827","targetHints":{"allow":["GET"]}}],"collection":[{"href":"https:\/\/sites.ecclesia.pt\/cv\/wp-json\/wp\/v2\/posts"}],"about":[{"href":"https:\/\/sites.ecclesia.pt\/cv\/wp-json\/wp\/v2\/types\/post"}],"author":[{"embeddable":true,"href":"https:\/\/sites.ecclesia.pt\/cv\/wp-json\/wp\/v2\/users\/1"}],"replies":[{"embeddable":true,"href":"https:\/\/sites.ecclesia.pt\/cv\/wp-json\/wp\/v2\/comments?post=12827"}],"version-history":[{"count":0,"href":"https:\/\/sites.ecclesia.pt\/cv\/wp-json\/wp\/v2\/posts\/12827\/revisions"}],"wp:attachment":[{"href":"https:\/\/sites.ecclesia.pt\/cv\/wp-json\/wp\/v2\/media?parent=12827"}],"wp:term":[{"taxonomy":"category","embeddable":true,"href":"https:\/\/sites.ecclesia.pt\/cv\/wp-json\/wp\/v2\/categories?post=12827"},{"taxonomy":"post_tag","embeddable":true,"href":"https:\/\/sites.ecclesia.pt\/cv\/wp-json\/wp\/v2\/tags?post=12827"}],"curies":[{"name":"wp","href":"https:\/\/api.w.org\/{rel}","templated":true}]}}